{"id":9835,"date":"2022-09-18T14:04:07","date_gmt":"2022-09-18T14:04:07","guid":{"rendered":"http:\/\/parafiabesko.pl\/?p=9835"},"modified":"2022-09-18T14:04:07","modified_gmt":"2022-09-18T14:04:07","slug":"intencjie-mszalne-25-niedziela-zwykla-19-25-09-2022r","status":"publish","type":"post","link":"https:\/\/parafiabesko.pl\/?p=9835","title":{"rendered":"Intencjie mszalne 25 Niedziela zwyk\u0142a 19-25.09.2022r."},"content":{"rendered":"<table width=\"673\">\n<tbody>\n<tr>\n<td rowspan=\"2\" width=\"141\"><strong>Poniedzia\u0142ek<\/strong><\/p>\n<p>19.09.2022r.<\/td>\n<td width=\"65\">7.00<\/td>\n<td width=\"467\">+J\u00f3zef, Antonina, Edward<\/td>\n<\/tr>\n<tr>\n<td width=\"65\">18.00<\/td>\n<td width=\"467\">1. +Jan, Les\u0142aw Chyna\u0142<\/p>\n<p>2. O zdrowie i b\u0142og. Bo\u017ce dla si\u00f3str z r\u00f3\u017cy MB Rodzicielki prze\u0142o\u017cona Helena Kuzian<\/td>\n<\/tr>\n<tr>\n<td rowspan=\"2\" width=\"141\"><strong>Wtorek<\/strong><\/p>\n<p>20.09.2022r.<\/td>\n<td width=\"65\">7.00<\/td>\n<td width=\"467\">+Stanis\u0142aw\u0119 Kielar<\/td>\n<\/tr>\n<tr>\n<td width=\"65\">18.00<\/td>\n<td width=\"467\">1. +Michalina \/44 r. \u015bm.\/ ,Jan Szul i zm. rodzice i dzieci<\/p>\n<p>2. +J\u00f3zef Borkowski<\/td>\n<\/tr>\n<tr>\n<td rowspan=\"2\" width=\"141\"><strong>\u015aroda<\/strong><\/p>\n<p>21.09.2022r.<\/td>\n<td width=\"65\">7.00<\/td>\n<td width=\"467\">+Maria Czapor i zm. z rodz. Zubik i Boczar<\/td>\n<\/tr>\n<tr>\n<td width=\"65\">18.00<\/td>\n<td width=\"467\">1. Dzi\u0119kczynna w 25 r. \u015blubu Agnieszki i Andrzeja z pro\u015bb\u0105 o opiek\u0119 Bo\u017c\u0105 nad rodzin\u0105<\/p>\n<p>2. O \u0142ask\u0119 uzdrowienia<\/td>\n<\/tr>\n<tr>\n<td rowspan=\"2\" width=\"141\"><strong>Czwartek<\/strong><\/p>\n<p>22.09.2022r.<\/td>\n<td width=\"65\">7.00<\/td>\n<td width=\"467\">+Kazimierz, Tomasz, Norbert Hajduk<\/td>\n<\/tr>\n<tr>\n<td width=\"65\">18.00<\/td>\n<td width=\"467\">1. +Krystyna, Stanis\u0142aw Mroczkowscy<\/p>\n<p>2. +Maria, Stanis\u0142aw \/4 r.\u015bm.\/ Kielar of. c\u00f3rka Genowefa<\/td>\n<\/tr>\n<tr>\n<td rowspan=\"2\" width=\"141\"><strong>Pi\u0105tek<\/strong><\/p>\n<p>23.09.2022r.<\/td>\n<td width=\"65\">7.00<\/td>\n<td width=\"467\">+Jan Koczera\u00a0 \/7 r. \u015bm.\/ i zm. z rodziny of. syn Les\u0142aw, Tadeusza z rodzin\u0105<\/td>\n<\/tr>\n<tr>\n<td width=\"65\">18.00<\/td>\n<td width=\"467\">+Boles\u0142aw Banas of. syn Tomasz z rodzin\u0105<\/td>\n<\/tr>\n<tr>\n<td rowspan=\"2\" width=\"141\"><strong>Sobota<\/strong><\/p>\n<p>24.09.2022r.<\/td>\n<td width=\"65\">7.00<\/td>\n<td width=\"467\">+W\u0142adys\u0142aw Adam of. c\u00f3rka Halina Bolanowska<\/td>\n<\/tr>\n<tr>\n<td width=\"65\">18.00<\/td>\n<td width=\"467\">1. +Kazimier\u0119 Szybka<\/p>\n<p>2. +Marian Migda\u0142 of. s\u0105siedzi z ul. G\u00f3rskiej<\/td>\n<\/tr>\n<tr>\n<td rowspan=\"4\" width=\"141\"><strong>Niedziela<\/strong><\/p>\n<p>25 .09.2022r.<\/td>\n<td width=\"65\">7.30<\/td>\n<td width=\"467\">+Kazimierz \u015amietana of. \u017cona<\/td>\n<\/tr>\n<tr>\n<td width=\"65\">9.15<\/td>\n<td width=\"467\">+W\u0142adys\u0142aw Suwa\u0142a<\/td>\n<\/tr>\n<tr>\n<td width=\"65\">11.00<\/td>\n<td width=\"467\"><strong>Za Parafian<\/strong><\/td>\n<\/tr>\n<tr>\n<td width=\"65\">16.30<\/td>\n<td width=\"467\">+J\u00f3zef\u0119 \/ 5 r. \u015bm.\/, Stanis\u0142aw Sza\u0142ankiewicz of. c\u00f3rka z rodzin\u0105<\/td>\n<\/tr>\n<\/tbody>\n<\/table>\n","protected":false},"excerpt":{"rendered":"<p>Poniedzia\u0142ek 19.09.2022r. 7.00 +J\u00f3zef, Antonina, Edward 18.00 1. +Jan, Les\u0142aw Chyna\u0142 2. O zdrowie i b\u0142og. Bo\u017ce dla si\u00f3str z r\u00f3\u017cy MB Rodzicielki prze\u0142o\u017cona Helena Kuzian Wtorek 20.09.2022r. 7.00 +Stanis\u0142aw\u0119 Kielar 18.00 1. +Michalina \/44 r. \u015bm.\/ ,Jan Szul i zm. rodzice i dzieci 2. +J\u00f3zef Borkowski \u015aroda 21.09.2022r. 7.00<span class=\"more-link\"><a href=\"https:\/\/parafiabesko.pl\/?p=9835\">Czytaj wi\u0119cej<\/a><\/span><\/p>\n","protected":false},"author":1,"featured_media":0,"comment_status":"closed","ping_status":"open","sticky":false,"template":"","format":"standard","meta":{"footnotes":""},"categories":[4],"tags":[],"class_list":["entry","author-adminparafiibesko","post-9835","post","type-post","status-publish","format-standard","category-intencje-mszalne"],"_links":{"self":[{"href":"https:\/\/parafiabesko.pl\/index.php?rest_route=\/wp\/v2\/posts\/9835","targetHints":{"allow":["GET"]}}],"collection":[{"href":"https:\/\/parafiabesko.pl\/index.php?rest_route=\/wp\/v2\/posts"}],"about":[{"href":"https:\/\/parafiabesko.pl\/index.php?rest_route=\/wp\/v2\/types\/post"}],"author":[{"embeddable":true,"href":"https:\/\/parafiabesko.pl\/index.php?rest_route=\/wp\/v2\/users\/1"}],"replies":[{"embeddable":true,"href":"https:\/\/parafiabesko.pl\/index.php?rest_route=%2Fwp%2Fv2%2Fcomments&post=9835"}],"version-history":[{"count":0,"href":"https:\/\/parafiabesko.pl\/index.php?rest_route=\/wp\/v2\/posts\/9835\/revisions"}],"wp:attachment":[{"href":"https:\/\/parafiabesko.pl\/index.php?rest_route=%2Fwp%2Fv2%2Fmedia&parent=9835"}],"wp:term":[{"taxonomy":"category","embeddable":true,"href":"https:\/\/parafiabesko.pl\/index.php?rest_route=%2Fwp%2Fv2%2Fcategories&post=9835"},{"taxonomy":"post_tag","embeddable":true,"href":"https:\/\/parafiabesko.pl\/index.php?rest_route=%2Fwp%2Fv2%2Ftags&post=9835"}],"curies":[{"name":"wp","href":"https:\/\/api.w.org\/{rel}","templated":true}]}}