{"id":9810,"date":"2022-09-11T18:15:08","date_gmt":"2022-09-11T18:15:08","guid":{"rendered":"http:\/\/parafiabesko.pl\/?p=9810"},"modified":"2022-09-11T18:15:08","modified_gmt":"2022-09-11T18:15:08","slug":"ogloszenia-parafialne-24-niedziela-zwykla-11-09-2022r","status":"publish","type":"post","link":"https:\/\/parafiabesko.pl\/?p=9810","title":{"rendered":"Og\u0142oszenia parafialne  24 Niedziela zwyk\u0142a 11.09.2022r."},"content":{"rendered":"<p>Dzisiaj po Mszach \u015bw. w Besku, Mymoniu i Por\u0119bach zg\u0142aszanie chorych do spowiedzi i komunii \u015bw. Chorych b\u0119dziemy odwiedza\u0107 jutro od godz. 10.00.<\/p>\n<p>Dzisiaj rozpoczyna si\u0119: <strong>Odnowienie Misji \u015bwi\u0119tych <\/strong><strong>Besko 11-14.09.2022r.<\/strong><\/p>\n<p><strong>\u00a0<\/strong><strong><u>Niedziela 11.09.2022r. \u2013 Rozpocz\u0119cie Odnowienia Misji \u015bw.<\/u><\/strong><\/p>\n<p><strong>Besko <\/strong><\/p>\n<p>7.30 Msza \u015bw. z kazaniem<\/p>\n<p>9.15 Msza \u015bw. z kazaniem<\/p>\n<p>11.00 Msza \u015bw. z kazaniem<\/p>\n<p>16.30 Msza \u015bw. z kazaniem<\/p>\n<p><strong>Mymo\u0144<\/strong><\/p>\n<p>8.30 Msza \u015bw. z kazaniem<\/p>\n<p><strong>Por\u0119by<\/strong><\/p>\n<p>10.00 Msza \u015bw. z kazaniem<\/p>\n<p><strong>\u00a0<\/strong><strong><u>Poniedzia\u0142ek 12.09.2022r. &#8211; Uroczyste Przyj\u0119cie Bo\u017cego S\u0142owa<\/u><\/strong><\/p>\n<p><strong>Besko<\/strong><\/p>\n<p>9.00 Msza \u015bw. z kazaniem<\/p>\n<p>10.00 Spowied\u017a chorych w domach<\/p>\n<p>18.00 Msza \u015bw. z kazaniem<\/p>\n<p><strong>Por\u0119by<\/strong><\/p>\n<p>16.00 Msza \u015bw. z kazaniem<\/p>\n<p><strong>Mymo\u0144<\/strong><\/p>\n<p>17.00 Msza \u015bw. z kazaniem<\/p>\n<p><strong>\u00a0<\/strong><strong><u>Wtorek 13.09.2022r. &#8211; Uroczysto\u015b\u0107 Misyjna za Zmar\u0142ych<\/u><\/strong><\/p>\n<p><strong>Besko<\/strong><\/p>\n<p>9.00 Msza \u015bw. z kazaniem<\/p>\n<p>10.00 \u2013 11.30 Spowied\u017a<\/p>\n<p>15.00 &#8211;\u00a0 17.30 Spowied\u017a<\/p>\n<p>18.00 Msza \u015bw. z kazaniem i procesja \u017ca\u0142obna na cmentarz<\/p>\n<p><strong>Por\u0119by<\/strong><\/p>\n<p>15.00 Spowied\u017a<\/p>\n<p>16.00 Msza \u015bw. z kazaniem<\/p>\n<p><strong>Mymo\u0144<\/strong><\/p>\n<p>16.00 Spowied\u017a<\/p>\n<p>17.00 Msza \u015bw. z kazaniem i procesja \u017ca\u0142obna na cmentarz<\/p>\n<p>Nauki misyjne g\u0142osi ojciec redemptorysta ks. Kazimierz G\u0142az.<\/p>\n<p><strong>\u00a0<\/strong><strong><u>\u015aroda 14.09.2022r. &#8211; Uroczysto\u015b\u0107 Podwy\u017cszenia Krzy\u017ca \u015bwi\u0119tego-odpust parafialny<\/u><\/strong><\/p>\n<p><strong><u>\u00a0<\/u><\/strong><strong>Besko<\/strong><\/p>\n<p><strong>7.30 Msza \u015bw. z kazaniem<\/strong><\/p>\n<p><strong>11.00 Uroczysta suma odpustowa<\/strong>\u00a0 Po\u00a0 sumie procesja eucharystyczna wok\u00f3\u0142 nowego ko\u015bcio\u0142a na kt\u00f3r\u0105 serdecznie zapraszamy ma\u0142e dzieci do sypania kwiat\u00f3w i dzieci z klasy czwartej w strojach pierwszokomunijnych, Parafianki w strojach ludowych. Po zako\u0144czeniu procesji eucharystycznej i od\u015bpiewaniu hymnu; Bo\u017ce co\u015b Polsk\u0119, zostan\u0105 po\u015bwi\u0119cone dewocjonalia.<\/p>\n<p><strong>18.00 Msza \u015bw. z kazaniem na zako\u0144czeni Odnowienia Misji \u015bw.<\/strong><\/p>\n<p>W poniedzia\u0142ek i wtorek nie b\u0119dzie Mszy \u015bw. o godz. 7.00.<\/p>\n<p>W przysz\u0142\u0105 niedziel\u0119 na placu cerkiewnym w Besku tradycyjnie, jak co roku o godz. 13.00 zostanie odprawiona Msza \u015bw. w obrz\u0119dzie greko-katolickim. Organizatorzy serdecznie zapraszaj\u0105 na wsp\u00f3ln\u0105 modlitw\u0119.<\/p>\n","protected":false},"excerpt":{"rendered":"<p>Dzisiaj po Mszach \u015bw. w Besku, Mymoniu i Por\u0119bach zg\u0142aszanie chorych do spowiedzi i komunii \u015bw. Chorych b\u0119dziemy odwiedza\u0107 jutro od godz. 10.00. Dzisiaj rozpoczyna si\u0119: Odnowienie Misji \u015bwi\u0119tych Besko 11-14.09.2022r. \u00a0Niedziela 11.09.2022r. \u2013 Rozpocz\u0119cie Odnowienia Misji \u015bw. Besko 7.30 Msza \u015bw. z kazaniem 9.15 Msza \u015bw. z kazaniem 11.00<span class=\"more-link\"><a href=\"https:\/\/parafiabesko.pl\/?p=9810\">Czytaj wi\u0119cej<\/a><\/span><\/p>\n","protected":false},"author":1,"featured_media":0,"comment_status":"closed","ping_status":"open","sticky":false,"template":"","format":"standard","meta":{"footnotes":""},"categories":[7],"tags":[],"class_list":["entry","author-adminparafiibesko","post-9810","post","type-post","status-publish","format-standard","category-ogloszenia-parafialne"],"_links":{"self":[{"href":"https:\/\/parafiabesko.pl\/index.php?rest_route=\/wp\/v2\/posts\/9810","targetHints":{"allow":["GET"]}}],"collection":[{"href":"https:\/\/parafiabesko.pl\/index.php?rest_route=\/wp\/v2\/posts"}],"about":[{"href":"https:\/\/parafiabesko.pl\/index.php?rest_route=\/wp\/v2\/types\/post"}],"author":[{"embeddable":true,"href":"https:\/\/parafiabesko.pl\/index.php?rest_route=\/wp\/v2\/users\/1"}],"replies":[{"embeddable":true,"href":"https:\/\/parafiabesko.pl\/index.php?rest_route=%2Fwp%2Fv2%2Fcomments&post=9810"}],"version-history":[{"count":0,"href":"https:\/\/parafiabesko.pl\/index.php?rest_route=\/wp\/v2\/posts\/9810\/revisions"}],"wp:attachment":[{"href":"https:\/\/parafiabesko.pl\/index.php?rest_route=%2Fwp%2Fv2%2Fmedia&parent=9810"}],"wp:term":[{"taxonomy":"category","embeddable":true,"href":"https:\/\/parafiabesko.pl\/index.php?rest_route=%2Fwp%2Fv2%2Fcategories&post=9810"},{"taxonomy":"post_tag","embeddable":true,"href":"https:\/\/parafiabesko.pl\/index.php?rest_route=%2Fwp%2Fv2%2Ftags&post=9810"}],"curies":[{"name":"wp","href":"https:\/\/api.w.org\/{rel}","templated":true}]}}