{"id":9808,"date":"2022-09-11T18:08:56","date_gmt":"2022-09-11T18:08:56","guid":{"rendered":"http:\/\/parafiabesko.pl\/?p=9808"},"modified":"2022-09-11T18:08:56","modified_gmt":"2022-09-11T18:08:56","slug":"intencje-mszalne-24-niedziela-zwykla-12-18-2022r","status":"publish","type":"post","link":"https:\/\/parafiabesko.pl\/?p=9808","title":{"rendered":"Intencje mszalne 24 Niedziela zwyk\u0142a 12-18.2022r."},"content":{"rendered":"<table width=\"673\">\n<tbody>\n<tr>\n<td rowspan=\"2\" width=\"141\"><strong>Poniedzia\u0142ek<\/strong><\/p>\n<p>12.09.2022r.<\/td>\n<td width=\"65\">9.00<\/td>\n<td width=\"467\">+Bronis\u0142aw, Maria Ja\u015bkiewicz<\/td>\n<\/tr>\n<tr>\n<td width=\"65\">18.00<\/td>\n<td width=\"467\">1.+Za zmar\u0142e siostry i z ich rodzin z r\u00f3\u017cy \u015bw. Jadwigi prze\u0142o\u017cona Ewa \u0106wi\u0105ka\u0142a<\/p>\n<p>2.+Stanis\u0142aw Pola\u0144ski i zm. z rodziny<\/td>\n<\/tr>\n<tr>\n<td rowspan=\"2\" width=\"141\"><strong>Wtorek<\/strong><\/p>\n<p>13.09.2022r.<\/td>\n<td width=\"65\">9.00<\/td>\n<td width=\"467\">+Jerzy Sza\u0142ankiewicz of. s\u0105siedzi z ul. Wi\u015bniowej i B\u0142onie<\/td>\n<\/tr>\n<tr>\n<td width=\"65\">18.00<\/td>\n<td width=\"467\">1. +W\u0142adys\u0142aw, Irena<\/p>\n<p>2.+Felicja Czy\u017c of. r\u00f3\u017ca \u015bw. Marii Magdaleny<\/td>\n<\/tr>\n<tr>\n<td rowspan=\"2\" width=\"141\"><strong>\u015aroda<\/strong><\/p>\n<p><strong>Odpust<\/strong><\/p>\n<p>14.09.2022r.<\/td>\n<td width=\"65\">7.30<\/td>\n<td width=\"467\">1. +Boles\u0142aw Borkowski<\/p>\n<p>2.+Jan Szalankiewicz<\/td>\n<\/tr>\n<tr>\n<td width=\"65\"><strong>11.00<\/strong><\/p>\n<p>18.00<\/td>\n<td width=\"467\"><strong>Za Parafian<\/strong><\/p>\n<p>+ Jan Ja\u015blar \/3 r. \u015bm.\/<\/td>\n<\/tr>\n<tr>\n<td rowspan=\"2\" width=\"141\"><strong>Czwartek<\/strong><\/p>\n<p>15.09.2022r.<\/td>\n<td width=\"65\">7.00<\/td>\n<td width=\"467\">+Zofia Suwa\u0142a of. firma Trak-Styl<\/td>\n<\/tr>\n<tr>\n<td width=\"65\">18.00<\/td>\n<td width=\"467\">1. +Wanda, W\u0142adys\u0142aw W\u0119grzyn \/20 r. \u015bm.\/<\/p>\n<p>2.+W\u0142adys\u0142aw Adam of. pracownicy Oddzia\u0142u Zaka\u017anego<\/td>\n<\/tr>\n<tr>\n<td rowspan=\"2\" width=\"141\"><strong>Pi\u0105tek<\/strong><\/p>\n<p>16.09.2022r.<\/td>\n<td width=\"65\">7.00<\/td>\n<td width=\"467\">+Edward Wn\u0119trzak<\/td>\n<\/tr>\n<tr>\n<td width=\"65\">18.00<\/td>\n<td width=\"467\">1. +Maria, Jan Folcik of. wnuk Kazimierz<\/p>\n<p>2.+Felicja Czy\u017c of. s\u0105siedzi<\/td>\n<\/tr>\n<tr>\n<td rowspan=\"2\" width=\"141\"><strong>Sobota<\/strong><\/p>\n<p>17.09.2022r.<\/td>\n<td width=\"65\">7.00<\/td>\n<td width=\"467\">+Stanis\u0142aw Nycz \/12 r. \u015bm.\/<\/td>\n<\/tr>\n<tr>\n<td width=\"65\">18.00<\/td>\n<td width=\"467\">1. +Daniel Pelczar<\/p>\n<p>2. +J\u00f3zef\u0119 Kornasiewicz of. c\u00f3rka z rodzin\u0105<\/td>\n<\/tr>\n<tr>\n<td rowspan=\"4\" width=\"141\"><strong>Niedziela<\/strong><\/p>\n<p>18.09.2022r.<\/td>\n<td width=\"65\">7.30<\/td>\n<td width=\"467\">+El\u017cbieta Matusiak \/2 r. \u015bm.\/, Magdalena of. Leszek z rodzin\u0105<\/td>\n<\/tr>\n<tr>\n<td width=\"65\">9.15<\/td>\n<td width=\"467\">+Franciszek, Maria i zm. z rodziny<\/td>\n<\/tr>\n<tr>\n<td width=\"65\">11.00<\/td>\n<td width=\"467\"><strong>Za Parafian<\/strong><\/td>\n<\/tr>\n<tr>\n<td width=\"65\">16.30<\/td>\n<td width=\"467\">W intencji Bogu wiadomej<\/td>\n<\/tr>\n<\/tbody>\n<\/table>\n","protected":false},"excerpt":{"rendered":"<p>Poniedzia\u0142ek 12.09.2022r. 9.00 +Bronis\u0142aw, Maria Ja\u015bkiewicz 18.00 1.+Za zmar\u0142e siostry i z ich rodzin z r\u00f3\u017cy \u015bw. Jadwigi prze\u0142o\u017cona Ewa \u0106wi\u0105ka\u0142a 2.+Stanis\u0142aw Pola\u0144ski i zm. z rodziny Wtorek 13.09.2022r. 9.00 +Jerzy Sza\u0142ankiewicz of. s\u0105siedzi z ul. Wi\u015bniowej i B\u0142onie 18.00 1. +W\u0142adys\u0142aw, Irena 2.+Felicja Czy\u017c of. r\u00f3\u017ca \u015bw. Marii Magdaleny<span class=\"more-link\"><a href=\"https:\/\/parafiabesko.pl\/?p=9808\">Czytaj wi\u0119cej<\/a><\/span><\/p>\n","protected":false},"author":1,"featured_media":0,"comment_status":"closed","ping_status":"open","sticky":false,"template":"","format":"standard","meta":{"footnotes":""},"categories":[4],"tags":[],"class_list":["entry","author-adminparafiibesko","post-9808","post","type-post","status-publish","format-standard","category-intencje-mszalne"],"_links":{"self":[{"href":"https:\/\/parafiabesko.pl\/index.php?rest_route=\/wp\/v2\/posts\/9808","targetHints":{"allow":["GET"]}}],"collection":[{"href":"https:\/\/parafiabesko.pl\/index.php?rest_route=\/wp\/v2\/posts"}],"about":[{"href":"https:\/\/parafiabesko.pl\/index.php?rest_route=\/wp\/v2\/types\/post"}],"author":[{"embeddable":true,"href":"https:\/\/parafiabesko.pl\/index.php?rest_route=\/wp\/v2\/users\/1"}],"replies":[{"embeddable":true,"href":"https:\/\/parafiabesko.pl\/index.php?rest_route=%2Fwp%2Fv2%2Fcomments&post=9808"}],"version-history":[{"count":0,"href":"https:\/\/parafiabesko.pl\/index.php?rest_route=\/wp\/v2\/posts\/9808\/revisions"}],"wp:attachment":[{"href":"https:\/\/parafiabesko.pl\/index.php?rest_route=%2Fwp%2Fv2%2Fmedia&parent=9808"}],"wp:term":[{"taxonomy":"category","embeddable":true,"href":"https:\/\/parafiabesko.pl\/index.php?rest_route=%2Fwp%2Fv2%2Fcategories&post=9808"},{"taxonomy":"post_tag","embeddable":true,"href":"https:\/\/parafiabesko.pl\/index.php?rest_route=%2Fwp%2Fv2%2Ftags&post=9808"}],"curies":[{"name":"wp","href":"https:\/\/api.w.org\/{rel}","templated":true}]}}