{"id":9806,"date":"2022-09-05T12:00:02","date_gmt":"2022-09-05T12:00:02","guid":{"rendered":"http:\/\/parafiabesko.pl\/?p=9806"},"modified":"2022-09-05T12:00:02","modified_gmt":"2022-09-05T12:00:02","slug":"odnowienie-misji-swietych-besko-11-14-09-2022r","status":"publish","type":"post","link":"https:\/\/parafiabesko.pl\/?p=9806","title":{"rendered":"Odnowienie Misji \u015bwi\u0119tych Besko 11-14.09.2022r."},"content":{"rendered":"<p><strong><u>Niedziela 11.09.2022r. \u2013 Rozpocz\u0119cie Odnowienia Misji \u015bw.<\/u><\/strong><\/p>\n<p><strong>Besko <\/strong><\/p>\n<p>7.30 Msza \u015bw. z kazaniem<\/p>\n<p>9.15 Msza \u015bw. z kazaniem<\/p>\n<p>11.00 Msza \u015bw. z kazaniem<\/p>\n<p>16.30 Msza \u015bw. z kazaniem<\/p>\n<p><strong>Mymo\u0144<\/strong><\/p>\n<p>8.30 Msza \u015bw. z kazaniem<\/p>\n<p><strong>Por\u0119by<\/strong><\/p>\n<p>10.00 Msza \u015bw. z kazaniem<\/p>\n<p><strong>\u00a0<\/strong><\/p>\n<p><strong><u>Poniedzia\u0142ek 12.09.2022r. &#8211; Uroczyste Przyj\u0119cie Bo\u017cego S\u0142owa<\/u><\/strong><\/p>\n<p><strong>Besko<\/strong><\/p>\n<p>9.00 Msza \u015bw. z kazaniem<\/p>\n<p>10.00 Spowied\u017a chorych w domach<\/p>\n<p>18.00 Msza \u015bw. z kazaniem<\/p>\n<p><strong>Por\u0119by<\/strong><\/p>\n<p>16.00 Msza \u015bw. z kazaniem<\/p>\n<p><strong>Mymo\u0144<\/strong><\/p>\n<p>17.00 Msza \u015bw. z kazaniem<\/p>\n<p><strong>\u00a0<\/strong><\/p>\n<p><strong><u>Wtorek 13.09.2022r. Uroczysto\u015b\u0107 Misyjna za Zmar\u0142ych<\/u><\/strong><\/p>\n<p><strong>Besko<\/strong><\/p>\n<p>9.00 Msza \u015bw. z kazaniem<\/p>\n<p>10.00 \u2013 11.30 Spowied\u017a<\/p>\n<p>15.00 &#8211;\u00a0 17.30 Spowied\u017a<\/p>\n<p>18.00 Msza \u015bw. z kazaniem i procesja \u017ca\u0142obna na cmentarz<\/p>\n<p><strong>Por\u0119by<\/strong><\/p>\n<p>15.00 Spowied\u017a<\/p>\n<p>16.00 Msza \u015bw. z kazaniem<\/p>\n<p><strong>Mymo\u0144<\/strong><\/p>\n<p>16.00 Spowied\u017a<\/p>\n<p>17.00 Msza \u015bw. z kazaniem i procesja \u017ca\u0142obna na cmentarz<\/p>\n<p><strong>\u00a0<\/strong><\/p>\n<p><strong><u>\u015aroda 14.09.2022r. Uroczysto\u015b\u0107 Podwy\u017cszenia Krzy\u017ca \u015bwi\u0119tego-odpust parafialny<\/u><\/strong><\/p>\n<p><strong>Besko<\/strong><\/p>\n<p><strong>7.30 Msza \u015bw. z kazaniem<\/strong><\/p>\n<p><strong>11.00 Uroczysta suma odpustowa<\/strong><\/p>\n<p><strong>18.00 Msza \u015bw. z kazaniem na zako\u0144czeni Odnowienia Misji \u015bw.<\/strong><\/p>\n","protected":false},"excerpt":{"rendered":"<p>Niedziela 11.09.2022r. \u2013 Rozpocz\u0119cie Odnowienia Misji \u015bw. Besko 7.30 Msza \u015bw. z kazaniem 9.15 Msza \u015bw. z kazaniem 11.00 Msza \u015bw. z kazaniem 16.30 Msza \u015bw. z kazaniem Mymo\u0144 8.30 Msza \u015bw. z kazaniem Por\u0119by 10.00 Msza \u015bw. z kazaniem \u00a0 Poniedzia\u0142ek 12.09.2022r. &#8211; Uroczyste Przyj\u0119cie Bo\u017cego S\u0142owa Besko 9.00<span class=\"more-link\"><a href=\"https:\/\/parafiabesko.pl\/?p=9806\">Czytaj wi\u0119cej<\/a><\/span><\/p>\n","protected":false},"author":1,"featured_media":0,"comment_status":"closed","ping_status":"open","sticky":false,"template":"","format":"standard","meta":{"footnotes":""},"categories":[6],"tags":[],"class_list":["entry","author-adminparafiibesko","post-9806","post","type-post","status-publish","format-standard","category-uncategorized"],"_links":{"self":[{"href":"https:\/\/parafiabesko.pl\/index.php?rest_route=\/wp\/v2\/posts\/9806","targetHints":{"allow":["GET"]}}],"collection":[{"href":"https:\/\/parafiabesko.pl\/index.php?rest_route=\/wp\/v2\/posts"}],"about":[{"href":"https:\/\/parafiabesko.pl\/index.php?rest_route=\/wp\/v2\/types\/post"}],"author":[{"embeddable":true,"href":"https:\/\/parafiabesko.pl\/index.php?rest_route=\/wp\/v2\/users\/1"}],"replies":[{"embeddable":true,"href":"https:\/\/parafiabesko.pl\/index.php?rest_route=%2Fwp%2Fv2%2Fcomments&post=9806"}],"version-history":[{"count":0,"href":"https:\/\/parafiabesko.pl\/index.php?rest_route=\/wp\/v2\/posts\/9806\/revisions"}],"wp:attachment":[{"href":"https:\/\/parafiabesko.pl\/index.php?rest_route=%2Fwp%2Fv2%2Fmedia&parent=9806"}],"wp:term":[{"taxonomy":"category","embeddable":true,"href":"https:\/\/parafiabesko.pl\/index.php?rest_route=%2Fwp%2Fv2%2Fcategories&post=9806"},{"taxonomy":"post_tag","embeddable":true,"href":"https:\/\/parafiabesko.pl\/index.php?rest_route=%2Fwp%2Fv2%2Ftags&post=9806"}],"curies":[{"name":"wp","href":"https:\/\/api.w.org\/{rel}","templated":true}]}}