{"id":9800,"date":"2022-09-04T12:31:59","date_gmt":"2022-09-04T12:31:59","guid":{"rendered":"http:\/\/parafiabesko.pl\/?p=9800"},"modified":"2022-09-04T12:31:59","modified_gmt":"2022-09-04T12:31:59","slug":"intencje-mszalne-5-11-09-2022r","status":"publish","type":"post","link":"https:\/\/parafiabesko.pl\/?p=9800","title":{"rendered":"Intencje mszalne 5-11.09.2022r."},"content":{"rendered":"<table width=\"673\">\n<tbody>\n<tr>\n<td rowspan=\"2\" width=\"141\"><strong>Poniedzia\u0142ek<\/strong><\/p>\n<p>5.09.2022r.<\/td>\n<td width=\"65\">7.00<\/td>\n<td width=\"467\">+W\u0142adys\u0142aw Adam of. brat Ryszard z rodzin\u0105<\/td>\n<\/tr>\n<tr>\n<td width=\"65\">18.00<\/td>\n<td width=\"467\">1. +Stanis\u0142aw\u0119 i Grzegorz of. syn<\/p>\n<p>2. +Piotr, Helena, Stanis\u0142aw Kielar i Maria Mermer<\/td>\n<\/tr>\n<tr>\n<td rowspan=\"2\" width=\"141\"><strong>Wtorek<\/strong><\/p>\n<p>6.09.2022r.<\/td>\n<td width=\"65\">7.00<\/td>\n<td width=\"467\">+Jerzy Sza\u0142ankiewicz of. c\u00f3rka Monika z rodzin\u0105<\/td>\n<\/tr>\n<tr>\n<td width=\"65\">18.00<\/td>\n<td width=\"467\">1. +Felicja Czy\u017c of. siostry felicjanki z Beska i Przedszkole<\/p>\n<p>2. +Zofia Suwa\u0142a of. synowa i wnuczki<\/td>\n<\/tr>\n<tr>\n<td rowspan=\"2\" width=\"141\"><strong>\u015aroda<\/strong><\/p>\n<p>7.09.2022r.<\/td>\n<td width=\"65\">7.00<\/td>\n<td width=\"467\">O b\u0142og. Bo\u017ce dla Agnieszki i Rafa\u0142a w 25 r. \u015blubu<\/td>\n<\/tr>\n<tr>\n<td width=\"65\">18.00<\/td>\n<td width=\"467\">1. +W\u0142adys\u0142aw Adam of. brat Stanis\u0142aw z rodzin\u0105<\/p>\n<p>2. +Janina Prugar i Bronis\u0142aw Skubel of. syn<\/td>\n<\/tr>\n<tr>\n<td rowspan=\"2\" width=\"141\"><strong>Czwartek<\/strong><\/p>\n<p>8.09.2022r.<\/td>\n<td width=\"65\">7.00<\/td>\n<td width=\"467\">+Felicja Czy\u017c of. c\u00f3rka Bernadeta z rodzin\u0105<\/td>\n<\/tr>\n<tr>\n<td width=\"65\">18.00<\/td>\n<td width=\"467\">1. +Maria Kasperkowicz<\/p>\n<p>2. +Za zmar\u0142ych dziadk\u00f3w, rodzic\u00f3w i J\u00f3zef, Jan, Les\u0142aw<\/td>\n<\/tr>\n<tr>\n<td rowspan=\"2\" width=\"141\"><strong>Pi\u0105tek<\/strong><\/p>\n<p>9.09.2022r.<\/td>\n<td width=\"65\">7.00<\/td>\n<td width=\"467\">+Maria, Stanis\u0142aw Kielar<\/td>\n<\/tr>\n<tr>\n<td width=\"65\">18.00<\/td>\n<td width=\"467\">1. +Kazimiera Czy\u017c \/3 r. \u015bm.<\/p>\n<p>2. +Tadeusz Szul of. s\u0105siedzi Marchel<\/td>\n<\/tr>\n<tr>\n<td rowspan=\"2\" width=\"141\"><strong>Sobota<\/strong><\/p>\n<p>11.09.2022r.<\/td>\n<td width=\"65\">7.00<\/td>\n<td width=\"467\">+Zofia Suwa\u0142a of. te\u015b\u0107<\/td>\n<\/tr>\n<tr>\n<td width=\"65\">18.00<\/td>\n<td width=\"467\">+Zofia Kwiatkowska<\/td>\n<\/tr>\n<tr>\n<td rowspan=\"4\" width=\"141\"><strong>Niedziela<\/strong><\/p>\n<p>11.09.2022r.<\/td>\n<td width=\"65\">7.30<\/td>\n<td width=\"467\">+ Jan Franasik of. \u017cona<\/td>\n<\/tr>\n<tr>\n<td width=\"65\">9.15<\/td>\n<td width=\"467\">+ Za zm. rodzic\u00f3w Genowef\u0119, J\u00f3zef Kielar<\/td>\n<\/tr>\n<tr>\n<td width=\"65\">11.00<\/td>\n<td width=\"467\"><strong>Za Parafian<\/strong><\/td>\n<\/tr>\n<tr>\n<td width=\"65\">16.30<\/td>\n<td width=\"467\">+W\u0142adys\u0142aw \/15 r. \u015bm.\/, Cecyli\u0119 Ciep\u0142y of. syn J\u00f3zef z rodzin\u0105<\/td>\n<\/tr>\n<\/tbody>\n<\/table>\n","protected":false},"excerpt":{"rendered":"<p>Poniedzia\u0142ek 5.09.2022r. 7.00 +W\u0142adys\u0142aw Adam of. brat Ryszard z rodzin\u0105 18.00 1. +Stanis\u0142aw\u0119 i Grzegorz of. syn 2. +Piotr, Helena, Stanis\u0142aw Kielar i Maria Mermer Wtorek 6.09.2022r. 7.00 +Jerzy Sza\u0142ankiewicz of. c\u00f3rka Monika z rodzin\u0105 18.00 1. +Felicja Czy\u017c of. siostry felicjanki z Beska i Przedszkole 2. +Zofia Suwa\u0142a of.<span class=\"more-link\"><a href=\"https:\/\/parafiabesko.pl\/?p=9800\">Czytaj wi\u0119cej<\/a><\/span><\/p>\n","protected":false},"author":1,"featured_media":0,"comment_status":"closed","ping_status":"open","sticky":false,"template":"","format":"standard","meta":{"footnotes":""},"categories":[4],"tags":[],"class_list":["entry","author-adminparafiibesko","post-9800","post","type-post","status-publish","format-standard","category-intencje-mszalne"],"_links":{"self":[{"href":"https:\/\/parafiabesko.pl\/index.php?rest_route=\/wp\/v2\/posts\/9800","targetHints":{"allow":["GET"]}}],"collection":[{"href":"https:\/\/parafiabesko.pl\/index.php?rest_route=\/wp\/v2\/posts"}],"about":[{"href":"https:\/\/parafiabesko.pl\/index.php?rest_route=\/wp\/v2\/types\/post"}],"author":[{"embeddable":true,"href":"https:\/\/parafiabesko.pl\/index.php?rest_route=\/wp\/v2\/users\/1"}],"replies":[{"embeddable":true,"href":"https:\/\/parafiabesko.pl\/index.php?rest_route=%2Fwp%2Fv2%2Fcomments&post=9800"}],"version-history":[{"count":0,"href":"https:\/\/parafiabesko.pl\/index.php?rest_route=\/wp\/v2\/posts\/9800\/revisions"}],"wp:attachment":[{"href":"https:\/\/parafiabesko.pl\/index.php?rest_route=%2Fwp%2Fv2%2Fmedia&parent=9800"}],"wp:term":[{"taxonomy":"category","embeddable":true,"href":"https:\/\/parafiabesko.pl\/index.php?rest_route=%2Fwp%2Fv2%2Fcategories&post=9800"},{"taxonomy":"post_tag","embeddable":true,"href":"https:\/\/parafiabesko.pl\/index.php?rest_route=%2Fwp%2Fv2%2Ftags&post=9800"}],"curies":[{"name":"wp","href":"https:\/\/api.w.org\/{rel}","templated":true}]}}