{"id":9794,"date":"2022-08-27T13:40:38","date_gmt":"2022-08-27T13:40:38","guid":{"rendered":"http:\/\/parafiabesko.pl\/?p=9794"},"modified":"2022-08-27T13:40:38","modified_gmt":"2022-08-27T13:40:38","slug":"ogloszenia-parafialne-22-niedziela-zwykla-28-08-2022r","status":"publish","type":"post","link":"https:\/\/parafiabesko.pl\/?p=9794","title":{"rendered":"Og\u0142oszenia parafialne 22 Niedziela zwyk\u0142a 28.08.2022r."},"content":{"rendered":"<p>Decyzj\u0105 ksi\u0119dza arcybiskupa Metropolity Przemyskiego Adama Szala pos\u0142ug\u0119 duszpastersk\u0105 w naszej Parafii zako\u0144czy\u0142 ksi\u0105dz wikariusz ks. Artur Ochab, serdecznie dzi\u0119kujemy za gorliw\u0105 prac\u0119 nad u\u015bwi\u0119ceniem naszych dusz. Pos\u0142ug\u0119 wikariusza rozpocz\u0105\u0142 ks. Piotr Dytko. \u017byczymy nowemu wikariuszowi wiele rado\u015bci kap\u0142a\u0144skiej w pracy duszpasterskiej w naszej Parafii. Pos\u0142ug\u0119 katechetyczn\u0105 \u2013 8 lat w naszej Parafii zako\u0144czy\u0142a siostra Klara. Serdecznie dzi\u0119kujemy siostrze za gorliw\u0105 pos\u0142ug\u0119 w naszej Parafii.<\/p>\n<p>Od poniedzia\u0142ku spowied\u017a przed pierwszym pi\u0105tkiem miesi\u0105ca rano i wieczorem przed Msz\u0105 \u015bw.<\/p>\n<p>W poniedzia\u0142ek o godz. 18.00 modlitwa przy relikwiach \u015bw. Jana Paw\u0142a II.<\/p>\n<p>We wtorek o godz. 18.00 nabo\u017ce\u0144stwo do Bo\u017cego Mi\u0142osierdzia.<\/p>\n<p>Spowied\u017a na rozpocz\u0119cie nowego roku szkolnego i katechetycznego we \u015brod\u0119 od godz. 16.00. Prosimy rodzic\u00f3w, aby przypomnieli dzieciom o spowiedzi. W \u015brod\u0119 o godz. 18.00 Nowenna do Matki Bo\u017cej Nieustaj\u0105cej Pomocy.<\/p>\n<p>W czwartek w ko\u015bciele w Besku o godz. 8.00 Msza \u015bw. na rozpocz\u0119cie nowego roku szkolnego i katechetycznego. Zapraszamy r\u00f3wnie\u017c rodzic\u00f3w, nauczycieli i wychowawc\u00f3w na wsp\u00f3ln\u0105 modlitw\u0119.<\/p>\n<p>W czwartek w ko\u015bciele w Mymoniu o godz. 10.00 Msza \u015bw. na rozpocz\u0119cie nowego roku szkolnego i katechetycznego. Zapraszamy r\u00f3wnie\u017c rodzic\u00f3w, nauczycieli i wychowawc\u00f3w na wsp\u00f3ln\u0105 modlitw\u0119.<\/p>\n<p>Pierwszy czwartek miesi\u0105ca o godz. 18.00 Godzina \u015bwi\u0119ta.<\/p>\n<p>Pierwszy pi\u0105tek miesi\u0105ca o godz. 7.00 Msza \u015bwi\u0119ta i adoracja, adoruje r\u00f3\u017ca \u015aw. siostry Faustyny prze\u0142o\u017cona Maria Mroczkowska, wieczorem o godz. 18.00 Msza \u015bw. i adoracja. W ko\u015bcio\u0142ach filialnych w Por\u0119bach i Mymoniu o godz. 15.30 adoracja, spowied\u017a i Msza \u015bwi\u0119ta. Chorych w ten pi\u0105tek nie b\u0119dziemy odwiedza\u0107, poniewa\u017c b\u0119d\u0105 odwiedzani w czasie Odnowienia Misji \u015bw.<\/p>\n<p>Pierwsza sobota miesi\u0105ca o godz. 7.00 Msza \u015bw. i nabo\u017ce\u0144stwo do Matki Bo\u017cej adoruje r\u00f3\u017ca Wniebowzi\u0119cia NMP prze\u0142o\u017cona Agata Mroczkowska. Wieczorem o godz. 20.00 wiecz\u00f3r fatimski.<\/p>\n<p>W przysz\u0142\u0105 niedziel\u0119 przypada Niedziela Adoracyjna, od godz.12.00 do 16.00 prywatna adoracja rodzin naszej Parafii, o godz.16.00 nabo\u017ce\u0144stwo r\u00f3\u017ca\u0144cowe i zmiana tajemnic, adoruje r\u00f3\u017ca Zwiastowania NMP prze\u0142o\u017cona Maria Bacior.<\/p>\n<p>Z rado\u015bci\u0105 informujemy Parafian, \u017ce nasza Parafianka siostra zakonna <strong>Maria Piotra od Wcielenia <\/strong>\u2013 nazwisko rodowe <strong>Alicja \u0141usik<\/strong> w ostatni pi\u0105tek 26. Sierpnia 2022r. <u>z\u0142o\u017cy\u0142a \u015bluby wieczyste<\/u> w <strong>Zgromadzeniu<\/strong> <strong>Wsp\u00f3lnoty Si\u00f3str Niepokalanej Matki Wielkiego Zawierzenia<\/strong> <strong>(Siostry Zawierzanki)<\/strong> <em><strong>w Bliznem<\/strong><\/em><strong>.<\/strong> Polecamy nasz\u0105 rodaczk\u0119 modlitwie Parafian.<\/p>\n<p><strong>Drodzy Parafianie za dwa tygodnie rozpocznie si\u0119 w naszej Parafii Besko \u2013 Odnowienie Misji \u015bwi\u0119tych prowadzonych przez ojc\u00f3w Redemptoryst\u00f3w. Program jest umieszczony na stronie internetowej Parafii Besko. Prosimy o modlitw\u0119 o b\u0142ogos\u0142awione owoce Misji \u015bwi\u0119tych dla wszystkich Parafian.<\/strong><\/p>\n<p>Drodzy parafianie. Dzisiaj o godz. 15.00 w ko\u015bciele filialnym w Mymoniu Msza \u015bw. z okazji 70-lecia istnienia Stra\u017cy Po\u017carnej w Mymoniu. Po Mszy \u015bw. dalsza cz\u0119\u015b\u0107 uroczysto\u015bci stra\u017cackich na kt\u00f3r\u0105 serdecznie zapraszaj\u0105 organizatorzy.<\/p>\n","protected":false},"excerpt":{"rendered":"<p>Decyzj\u0105 ksi\u0119dza arcybiskupa Metropolity Przemyskiego Adama Szala pos\u0142ug\u0119 duszpastersk\u0105 w naszej Parafii zako\u0144czy\u0142 ksi\u0105dz wikariusz ks. Artur Ochab, serdecznie dzi\u0119kujemy za gorliw\u0105 prac\u0119 nad u\u015bwi\u0119ceniem naszych dusz. Pos\u0142ug\u0119 wikariusza rozpocz\u0105\u0142 ks. Piotr Dytko. \u017byczymy nowemu wikariuszowi wiele rado\u015bci kap\u0142a\u0144skiej w pracy duszpasterskiej w naszej Parafii. Pos\u0142ug\u0119 katechetyczn\u0105 \u2013 8 lat<span class=\"more-link\"><a href=\"https:\/\/parafiabesko.pl\/?p=9794\">Czytaj wi\u0119cej<\/a><\/span><\/p>\n","protected":false},"author":1,"featured_media":0,"comment_status":"closed","ping_status":"open","sticky":false,"template":"","format":"standard","meta":{"footnotes":""},"categories":[7],"tags":[],"class_list":["entry","author-adminparafiibesko","post-9794","post","type-post","status-publish","format-standard","category-ogloszenia-parafialne"],"_links":{"self":[{"href":"https:\/\/parafiabesko.pl\/index.php?rest_route=\/wp\/v2\/posts\/9794","targetHints":{"allow":["GET"]}}],"collection":[{"href":"https:\/\/parafiabesko.pl\/index.php?rest_route=\/wp\/v2\/posts"}],"about":[{"href":"https:\/\/parafiabesko.pl\/index.php?rest_route=\/wp\/v2\/types\/post"}],"author":[{"embeddable":true,"href":"https:\/\/parafiabesko.pl\/index.php?rest_route=\/wp\/v2\/users\/1"}],"replies":[{"embeddable":true,"href":"https:\/\/parafiabesko.pl\/index.php?rest_route=%2Fwp%2Fv2%2Fcomments&post=9794"}],"version-history":[{"count":0,"href":"https:\/\/parafiabesko.pl\/index.php?rest_route=\/wp\/v2\/posts\/9794\/revisions"}],"wp:attachment":[{"href":"https:\/\/parafiabesko.pl\/index.php?rest_route=%2Fwp%2Fv2%2Fmedia&parent=9794"}],"wp:term":[{"taxonomy":"category","embeddable":true,"href":"https:\/\/parafiabesko.pl\/index.php?rest_route=%2Fwp%2Fv2%2Fcategories&post=9794"},{"taxonomy":"post_tag","embeddable":true,"href":"https:\/\/parafiabesko.pl\/index.php?rest_route=%2Fwp%2Fv2%2Ftags&post=9794"}],"curies":[{"name":"wp","href":"https:\/\/api.w.org\/{rel}","templated":true}]}}