{"id":9791,"date":"2022-08-27T13:34:33","date_gmt":"2022-08-27T13:34:33","guid":{"rendered":"http:\/\/parafiabesko.pl\/?p=9791"},"modified":"2022-08-27T13:34:33","modified_gmt":"2022-08-27T13:34:33","slug":"intencje-mszalne-29-08-4-09-2022r","status":"publish","type":"post","link":"https:\/\/parafiabesko.pl\/?p=9791","title":{"rendered":"Intencje mszalne 29.08.-4.09.2022r."},"content":{"rendered":"<table width=\"673\">\n<tbody>\n<tr>\n<td rowspan=\"2\" width=\"141\"><strong>Poniedzia\u0142ek<\/strong><\/p>\n<p>29.08.2022r.<\/td>\n<td width=\"65\">7.00<\/td>\n<td width=\"467\">+Kazimiera Wn\u0119trzak<\/td>\n<\/tr>\n<tr>\n<td width=\"65\">18.00<\/td>\n<td width=\"467\">&#8211; O opiek\u0119 M Bo\u017cej dla si\u00f3str i ich rodzin z r\u00f3\u017cy \u015bw. Jadwigi prze\u0142o\u017cona Ewa \u0106wi\u0105ka\u0142a<\/td>\n<\/tr>\n<tr>\n<td rowspan=\"2\" width=\"141\"><strong>Wtorek<\/strong><\/p>\n<p>30.08.2022r.<\/td>\n<td width=\"65\">7.00<\/td>\n<td width=\"467\">+Felicja Czy\u017c of. c\u00f3rka Agnieszka<\/td>\n<\/tr>\n<tr>\n<td width=\"65\">18.00<\/td>\n<td width=\"467\">+Tomasz Hajduk<\/td>\n<\/tr>\n<tr>\n<td rowspan=\"2\" width=\"141\"><strong>\u015aroda<\/strong><\/p>\n<p>31.08.2022r.<\/td>\n<td width=\"65\">7.00<\/td>\n<td width=\"467\">+Jerzy Sza\u0142ankiewicz of. s\u0105siedzi z ul. \u0141\u0105kowej<\/td>\n<\/tr>\n<tr>\n<td width=\"65\">18.00<\/td>\n<td width=\"467\">+Ryszard Wrona<\/td>\n<\/tr>\n<tr>\n<td rowspan=\"2\" width=\"141\"><strong>Czwartek<\/strong><\/p>\n<p>1.09.2022r.<\/td>\n<td width=\"65\">7.00<\/p>\n<p><strong>8.00<\/strong><\/td>\n<td width=\"467\">+Miko\u0142aj, Katarzyna<\/p>\n<p><strong>Msza \u015bw. na rozpocz\u0119cie roku szkolnego<\/strong><\/td>\n<\/tr>\n<tr>\n<td width=\"65\">18.00<\/td>\n<td width=\"467\">+Julian Ryba<\/td>\n<\/tr>\n<tr>\n<td rowspan=\"2\" width=\"141\"><strong>Pi\u0105tek<\/strong><\/p>\n<p>2.09.2022r.<\/td>\n<td width=\"65\">7.00<\/td>\n<td width=\"467\">+Franciszek, Bronis\u0142awa, Emil<\/td>\n<\/tr>\n<tr>\n<td width=\"65\">18.00<\/td>\n<td width=\"467\">+Mi\u0142osz Marsza\u0142ek of. babcia i wujek<\/td>\n<\/tr>\n<tr>\n<td rowspan=\"2\" width=\"141\"><strong>Sobota<\/strong><\/p>\n<p>3.09.2022r.<\/td>\n<td width=\"65\">7.00<\/td>\n<td width=\"467\">+Zofia Suwa\u0142a of. siostra z rodzin\u0105<\/td>\n<\/tr>\n<tr>\n<td width=\"65\">20.00<\/td>\n<td width=\"467\">+Eugenia \/3 r. \u015bm.\/, Alojzy Mroczkowscy<\/td>\n<\/tr>\n<tr>\n<td rowspan=\"4\" width=\"141\"><strong>Niedziela<\/strong><\/p>\n<p>4.09.2022r.<\/td>\n<td width=\"65\">7.30<\/td>\n<td width=\"467\">+Tadeusz Rajter<\/td>\n<\/tr>\n<tr>\n<td width=\"65\">9.15<\/td>\n<td width=\"467\">+Rozalia, Piotr Kielar<\/td>\n<\/tr>\n<tr>\n<td width=\"65\">11.00<\/td>\n<td width=\"467\"><strong>Za Parafian<\/strong><\/td>\n<\/tr>\n<tr>\n<td width=\"65\">16.30<\/td>\n<td width=\"467\">+Marian \u0106wi\u0105ka\u0142a \/20 r. \u015bm.\/<\/td>\n<\/tr>\n<\/tbody>\n<\/table>\n","protected":false},"excerpt":{"rendered":"<p>Poniedzia\u0142ek 29.08.2022r. 7.00 +Kazimiera Wn\u0119trzak 18.00 &#8211; O opiek\u0119 M Bo\u017cej dla si\u00f3str i ich rodzin z r\u00f3\u017cy \u015bw. Jadwigi prze\u0142o\u017cona Ewa \u0106wi\u0105ka\u0142a Wtorek 30.08.2022r. 7.00 +Felicja Czy\u017c of. c\u00f3rka Agnieszka 18.00 +Tomasz Hajduk \u015aroda 31.08.2022r. 7.00 +Jerzy Sza\u0142ankiewicz of. s\u0105siedzi z ul. \u0141\u0105kowej 18.00 +Ryszard Wrona Czwartek 1.09.2022r. 7.00<span class=\"more-link\"><a href=\"https:\/\/parafiabesko.pl\/?p=9791\">Czytaj wi\u0119cej<\/a><\/span><\/p>\n","protected":false},"author":1,"featured_media":0,"comment_status":"closed","ping_status":"open","sticky":false,"template":"","format":"standard","meta":{"footnotes":""},"categories":[4],"tags":[],"class_list":["entry","author-adminparafiibesko","post-9791","post","type-post","status-publish","format-standard","category-intencje-mszalne"],"_links":{"self":[{"href":"https:\/\/parafiabesko.pl\/index.php?rest_route=\/wp\/v2\/posts\/9791","targetHints":{"allow":["GET"]}}],"collection":[{"href":"https:\/\/parafiabesko.pl\/index.php?rest_route=\/wp\/v2\/posts"}],"about":[{"href":"https:\/\/parafiabesko.pl\/index.php?rest_route=\/wp\/v2\/types\/post"}],"author":[{"embeddable":true,"href":"https:\/\/parafiabesko.pl\/index.php?rest_route=\/wp\/v2\/users\/1"}],"replies":[{"embeddable":true,"href":"https:\/\/parafiabesko.pl\/index.php?rest_route=%2Fwp%2Fv2%2Fcomments&post=9791"}],"version-history":[{"count":0,"href":"https:\/\/parafiabesko.pl\/index.php?rest_route=\/wp\/v2\/posts\/9791\/revisions"}],"wp:attachment":[{"href":"https:\/\/parafiabesko.pl\/index.php?rest_route=%2Fwp%2Fv2%2Fmedia&parent=9791"}],"wp:term":[{"taxonomy":"category","embeddable":true,"href":"https:\/\/parafiabesko.pl\/index.php?rest_route=%2Fwp%2Fv2%2Fcategories&post=9791"},{"taxonomy":"post_tag","embeddable":true,"href":"https:\/\/parafiabesko.pl\/index.php?rest_route=%2Fwp%2Fv2%2Ftags&post=9791"}],"curies":[{"name":"wp","href":"https:\/\/api.w.org\/{rel}","templated":true}]}}