{"id":9783,"date":"2022-08-21T14:15:50","date_gmt":"2022-08-21T14:15:50","guid":{"rendered":"http:\/\/parafiabesko.pl\/?p=9783"},"modified":"2022-08-21T14:15:50","modified_gmt":"2022-08-21T14:15:50","slug":"intencje-mszalne-22-28-08-2022r","status":"publish","type":"post","link":"https:\/\/parafiabesko.pl\/?p=9783","title":{"rendered":"Intencje mszalne 22-28.08.2022r."},"content":{"rendered":"<table width=\"673\">\n<tbody>\n<tr>\n<td rowspan=\"2\" width=\"141\"><strong>Poniedzia\u0142ek<\/strong><\/p>\n<p>22.08.2022r.<\/td>\n<td width=\"65\">7.00<\/td>\n<td width=\"467\">+Stanis\u0142aw Wn\u0119trzak<\/td>\n<\/tr>\n<tr>\n<td width=\"65\">18.00<\/td>\n<td width=\"467\">+Kazimiera Skubel i zm. z rodziny of. kuzynki z rodzin\u0105<\/td>\n<\/tr>\n<tr>\n<td rowspan=\"2\" width=\"141\"><strong>Wtorek<\/strong><\/p>\n<p>23.08.2022r.<\/td>\n<td width=\"65\">7.00<\/td>\n<td width=\"467\">+Jakub \/20 r. \u015bm.\/, Stanis\u0142aw i Stanis\u0142aw Ja\u015blar<\/td>\n<\/tr>\n<tr>\n<td width=\"65\">18.00<\/td>\n<td width=\"467\">+Maria Kielar, Zofia, Bronis\u0142aw Zawada of. m\u0119\u017ca<\/td>\n<\/tr>\n<tr>\n<td rowspan=\"2\" width=\"141\"><strong>\u015aroda<\/strong><\/p>\n<p>24.08.2022r.<\/td>\n<td width=\"65\">7.00<\/td>\n<td width=\"467\">+Jerzy Sza\u0142ankiewicz of. s\u0105siedzi<\/td>\n<\/tr>\n<tr>\n<td width=\"65\">18.00<\/td>\n<td width=\"467\">+Tomasz Hajduk \/1 r. \u015bm.\/<\/td>\n<\/tr>\n<tr>\n<td rowspan=\"2\" width=\"141\"><strong>Czwartek<\/strong><\/p>\n<p>25.08.2022r.<\/td>\n<td width=\"65\">7.00<\/td>\n<td width=\"467\">+Stanis\u0142aw Kr\u0119pulec \/5 r. \u015bm.\/, Krystyna Florek \/4 r. \u015bm.\/<\/td>\n<\/tr>\n<tr>\n<td width=\"65\">18.00<\/td>\n<td width=\"467\">+Kazimiera Skubel of. pracownicy Buksan-\u0141yko<\/td>\n<\/tr>\n<tr>\n<td rowspan=\"2\" width=\"141\"><strong>Pi\u0105tek<\/strong><\/p>\n<p>26.08.2022r.<\/td>\n<td width=\"65\">7.00<\/td>\n<td width=\"467\">+Wies\u0142aw Sza\u0142ankiewicz<\/td>\n<\/tr>\n<tr>\n<td width=\"65\">18.00<\/td>\n<td width=\"467\">+Wojciech, Magdalena, Maciej, Boles\u0142aw Zubik<\/td>\n<\/tr>\n<tr>\n<td rowspan=\"2\" width=\"141\"><strong>Sobota<\/strong><\/p>\n<p>27.08.2022r.<\/td>\n<td width=\"65\">7.00<\/td>\n<td width=\"467\">+Franciszek, Anna Kornasiewicz<\/td>\n<\/tr>\n<tr>\n<td width=\"65\">18.00<\/td>\n<td width=\"467\">+Augustyn\u0119 Ciep\u0142y \/6 r. \u015bm.\/, Stanis\u0142aw i zm. dzieci<\/td>\n<\/tr>\n<tr>\n<td rowspan=\"4\" width=\"141\"><strong>Niedziela<\/strong><\/p>\n<p>28.08.2022r.<\/td>\n<td width=\"65\">7.30<\/td>\n<td width=\"467\">+Zofia Suwa\u0142a of. s\u0105siedzi<\/td>\n<\/tr>\n<tr>\n<td width=\"65\">9.15<\/td>\n<td width=\"467\">+Marian Jasi\u0144ski \/4 r. \u015bm.\/<\/td>\n<\/tr>\n<tr>\n<td width=\"65\">11.00<\/td>\n<td width=\"467\"><strong>Za Parafian<\/strong><\/td>\n<\/tr>\n<tr>\n<td width=\"65\">16.30<\/td>\n<td width=\"467\">+Stanis\u0142aw\u0119, J\u00f3zef Marsza\u0142ek i zm. rodzice<\/td>\n<\/tr>\n<\/tbody>\n<\/table>\n","protected":false},"excerpt":{"rendered":"<p>Poniedzia\u0142ek 22.08.2022r. 7.00 +Stanis\u0142aw Wn\u0119trzak 18.00 +Kazimiera Skubel i zm. z rodziny of. kuzynki z rodzin\u0105 Wtorek 23.08.2022r. 7.00 +Jakub \/20 r. \u015bm.\/, Stanis\u0142aw i Stanis\u0142aw Ja\u015blar 18.00 +Maria Kielar, Zofia, Bronis\u0142aw Zawada of. m\u0119\u017ca \u015aroda 24.08.2022r. 7.00 +Jerzy Sza\u0142ankiewicz of. s\u0105siedzi 18.00 +Tomasz Hajduk \/1 r. \u015bm.\/ Czwartek 25.08.2022r.<span class=\"more-link\"><a href=\"https:\/\/parafiabesko.pl\/?p=9783\">Czytaj wi\u0119cej<\/a><\/span><\/p>\n","protected":false},"author":1,"featured_media":0,"comment_status":"closed","ping_status":"open","sticky":false,"template":"","format":"standard","meta":{"footnotes":""},"categories":[4],"tags":[],"class_list":["entry","author-adminparafiibesko","post-9783","post","type-post","status-publish","format-standard","category-intencje-mszalne"],"_links":{"self":[{"href":"https:\/\/parafiabesko.pl\/index.php?rest_route=\/wp\/v2\/posts\/9783","targetHints":{"allow":["GET"]}}],"collection":[{"href":"https:\/\/parafiabesko.pl\/index.php?rest_route=\/wp\/v2\/posts"}],"about":[{"href":"https:\/\/parafiabesko.pl\/index.php?rest_route=\/wp\/v2\/types\/post"}],"author":[{"embeddable":true,"href":"https:\/\/parafiabesko.pl\/index.php?rest_route=\/wp\/v2\/users\/1"}],"replies":[{"embeddable":true,"href":"https:\/\/parafiabesko.pl\/index.php?rest_route=%2Fwp%2Fv2%2Fcomments&post=9783"}],"version-history":[{"count":0,"href":"https:\/\/parafiabesko.pl\/index.php?rest_route=\/wp\/v2\/posts\/9783\/revisions"}],"wp:attachment":[{"href":"https:\/\/parafiabesko.pl\/index.php?rest_route=%2Fwp%2Fv2%2Fmedia&parent=9783"}],"wp:term":[{"taxonomy":"category","embeddable":true,"href":"https:\/\/parafiabesko.pl\/index.php?rest_route=%2Fwp%2Fv2%2Fcategories&post=9783"},{"taxonomy":"post_tag","embeddable":true,"href":"https:\/\/parafiabesko.pl\/index.php?rest_route=%2Fwp%2Fv2%2Ftags&post=9783"}],"curies":[{"name":"wp","href":"https:\/\/api.w.org\/{rel}","templated":true}]}}