{"id":9779,"date":"2022-08-13T17:46:49","date_gmt":"2022-08-13T17:46:49","guid":{"rendered":"http:\/\/parafiabesko.pl\/?p=9779"},"modified":"2022-08-13T17:46:49","modified_gmt":"2022-08-13T17:46:49","slug":"ogloszenia-parafialne-20-niedziela-zwykla-14-08-2022r","status":"publish","type":"post","link":"https:\/\/parafiabesko.pl\/?p=9779","title":{"rendered":"Og\u0142oszenia parafialne 20 Niedziela zwyk\u0142a 14.08.2022r."},"content":{"rendered":"<p>Trwa miesi\u0105c sierpie\u0144 czas narodowych zwyci\u0119stw pod sztandarem Maryi, a tak\u017ce miesi\u0105c modlitwy o trze\u017awo\u015b\u0107 w naszym narodzie.<\/p>\n<p>Jurto w poniedzia\u0142ek 15 sierpnia czci\u0107 b\u0119dziemy <strong>NMP<\/strong> w tytule <strong>Wniebowzi\u0119cia,<\/strong> a w tradycji ludowej zwana jest <strong>Matka Bo\u017ca Zielna<\/strong>.<\/p>\n<p><u>Porz\u0105dek Mszy \u015bw. w t\u0105 Uroczysto\u015b\u0107 w naszej Parafii:<\/u><\/p>\n<p>&#8211; <strong>Besko<\/strong>;\u00a0 &#8211;\u00a0 rano:7.30<\/p>\n<p>&#8211;\u00a0 suma o godz. 10.00 z b\u0142ogos\u0142awie\u0144stwem zi\u00f3\u0142 i kwiat\u00f3w<\/p>\n<p>&#8211;\u00a0 po po\u0142udniu o godz.16.00 &#8211; bez Nieszpor\u00f3w<\/p>\n<p>&#8211; <strong>Mymo\u0144<\/strong>; \u00a0\u00a08.30\u00a0 z b\u0142ogos\u0142awie\u0144stwem zi\u00f3\u0142 i kwiat\u00f3w<\/p>\n<p>&#8211; <strong>Por\u0119by<\/strong>;\u00a0 10.00\u00a0 z b\u0142ogos\u0142awie\u0144stwem zi\u00f3\u0142 i kwiat\u00f3w<\/p>\n<p>W poniedzia\u0142ek 15.08. tradycyjnie o godz. 6.00 z naszego ko\u015bcio\u0142a wyruszy <strong>piesza pielgrzymka do Sanktuarium Matki Bo\u017cej w Starej Wsi<\/strong>. Pielgrzymk\u0119 poprowadzi ksi\u0105dz Pawe\u0142, serdecznie zach\u0119camy do udzia\u0142u w pieszej pielgrzymce. Jednocze\u015bnie tradycyjnie przypominamy o mo\u017cliwo\u015bci pielgrzymowania do Starej Wsi autokarem wyjazd o godz. 6.10 z parkingu przy ko\u015bciele \u2013 informacje u p. W\u0142adys\u0142awa Szyndlera.<\/p>\n<p>We wtorek o godz. 18.00 nabo\u017ce\u0144stwo do Mi\u0142osierdzia Bo\u017cego.<\/p>\n<p>We \u015brod\u0119 o godz. 18.00 Nowenna do Matki Bo\u017cej Nieustaj\u0105cej Pomocy.<\/p>\n<p><strong>W czwartek 18 sierpnia do godz. 9.00 zbi\u00f3rka elektro\u015bmieci na pomoc dla misjonarzy. Elektro\u015bmie\u0107i, prosimy sk\u0142ada\u0107 rano w czwartek na parkingu ko\u015bcielnym w Besku za budynkiem salek katechetycznych.<\/strong><\/p>\n<p>Dzi\u0119kujemy panu Adamowi Skublowi za bezinteresowne wykonanie kutego z metalu \u017cyrandola do zakrystii. Osprz\u0119t elektryczny wykona\u0142 pan Jurek Zubik. B\u00f3g zap\u0142a\u0107!<\/p>\n","protected":false},"excerpt":{"rendered":"<p>Trwa miesi\u0105c sierpie\u0144 czas narodowych zwyci\u0119stw pod sztandarem Maryi, a tak\u017ce miesi\u0105c modlitwy o trze\u017awo\u015b\u0107 w naszym narodzie. Jurto w poniedzia\u0142ek 15 sierpnia czci\u0107 b\u0119dziemy NMP w tytule Wniebowzi\u0119cia, a w tradycji ludowej zwana jest Matka Bo\u017ca Zielna. Porz\u0105dek Mszy \u015bw. w t\u0105 Uroczysto\u015b\u0107 w naszej Parafii: &#8211; Besko;\u00a0 &#8211;\u00a0<span class=\"more-link\"><a href=\"https:\/\/parafiabesko.pl\/?p=9779\">Czytaj wi\u0119cej<\/a><\/span><\/p>\n","protected":false},"author":1,"featured_media":0,"comment_status":"closed","ping_status":"open","sticky":false,"template":"","format":"standard","meta":{"footnotes":""},"categories":[7],"tags":[],"class_list":["entry","author-adminparafiibesko","post-9779","post","type-post","status-publish","format-standard","category-ogloszenia-parafialne"],"_links":{"self":[{"href":"https:\/\/parafiabesko.pl\/index.php?rest_route=\/wp\/v2\/posts\/9779","targetHints":{"allow":["GET"]}}],"collection":[{"href":"https:\/\/parafiabesko.pl\/index.php?rest_route=\/wp\/v2\/posts"}],"about":[{"href":"https:\/\/parafiabesko.pl\/index.php?rest_route=\/wp\/v2\/types\/post"}],"author":[{"embeddable":true,"href":"https:\/\/parafiabesko.pl\/index.php?rest_route=\/wp\/v2\/users\/1"}],"replies":[{"embeddable":true,"href":"https:\/\/parafiabesko.pl\/index.php?rest_route=%2Fwp%2Fv2%2Fcomments&post=9779"}],"version-history":[{"count":0,"href":"https:\/\/parafiabesko.pl\/index.php?rest_route=\/wp\/v2\/posts\/9779\/revisions"}],"wp:attachment":[{"href":"https:\/\/parafiabesko.pl\/index.php?rest_route=%2Fwp%2Fv2%2Fmedia&parent=9779"}],"wp:term":[{"taxonomy":"category","embeddable":true,"href":"https:\/\/parafiabesko.pl\/index.php?rest_route=%2Fwp%2Fv2%2Fcategories&post=9779"},{"taxonomy":"post_tag","embeddable":true,"href":"https:\/\/parafiabesko.pl\/index.php?rest_route=%2Fwp%2Fv2%2Ftags&post=9779"}],"curies":[{"name":"wp","href":"https:\/\/api.w.org\/{rel}","templated":true}]}}