{"id":9777,"date":"2022-08-13T17:43:13","date_gmt":"2022-08-13T17:43:13","guid":{"rendered":"http:\/\/parafiabesko.pl\/?p=9777"},"modified":"2022-08-13T17:43:13","modified_gmt":"2022-08-13T17:43:13","slug":"intencje-mszalne-15-21-08-2022r","status":"publish","type":"post","link":"https:\/\/parafiabesko.pl\/?p=9777","title":{"rendered":"Intencje mszalne 15-21.08.2022r."},"content":{"rendered":"<table width=\"673\">\n<tbody>\n<tr>\n<td rowspan=\"2\" width=\"141\"><strong>Poniedzia\u0142ek<\/strong><\/p>\n<p><strong>Wniebowzi\u0119cie<\/strong><\/p>\n<p><strong>Matki Bo\u017cej<\/strong><\/p>\n<p>15.08.2022r.<\/td>\n<td width=\"65\"><strong>\u00a0 7.30<\/strong><\/p>\n<p><strong>10.00<\/strong><\/td>\n<td width=\"467\">+Ryszard Suwa\u0142a<\/p>\n<p>+Stanis\u0142aw, \u0141ukasz, Edward Chyna\u0142<\/td>\n<\/tr>\n<tr>\n<td width=\"65\"><strong>16.00<\/strong><\/td>\n<td width=\"467\">+Maria Ziemia\u0144ska<\/td>\n<\/tr>\n<tr>\n<td rowspan=\"2\" width=\"141\"><strong>Wtorek<\/strong><\/p>\n<p>16.08.2022r.<\/td>\n<td width=\"65\">7.00<\/td>\n<td width=\"467\">+J\u00f3zef Suwa\u0142a \/78 r. \u015bm.\/ Aniela, Stanis\u0142aw, J\u00f3zef<\/td>\n<\/tr>\n<tr>\n<td width=\"65\">18.00<\/td>\n<td width=\"467\">Dzi\u0119kczynna w 20 rocznic\u0119 \u015blubu Jolanty i Marcina z pro\u015bb\u0105 o Bo\u017c\u0105 opiek\u0119 dla rodziny<\/td>\n<\/tr>\n<tr>\n<td rowspan=\"2\" width=\"141\"><strong>\u015aroda<\/strong><\/p>\n<p>17.08.2022r.<\/td>\n<td width=\"65\">7.00<\/td>\n<td width=\"467\">+Andrzej, Stanis\u0142aw \u0106wi\u0105ka\u0142a<\/td>\n<\/tr>\n<tr>\n<td width=\"65\">18.00<\/td>\n<td width=\"467\">+Stanis\u0142aw, J\u00f3zef\u0119, Jan, J\u00f3zef, Tomasz Bury<\/td>\n<\/tr>\n<tr>\n<td rowspan=\"2\" width=\"141\"><strong>Czwartek<\/strong><\/p>\n<p>18.08.2022r.<\/td>\n<td width=\"65\">7.00<\/td>\n<td width=\"467\">+Antonina, Rudolf oraz Rozalia, Piotr<\/td>\n<\/tr>\n<tr>\n<td width=\"65\">18.00<\/td>\n<td width=\"467\">+Mieczys\u0142aw \/15 r. \u015bm.\/ Andrzej, Kazimierz, Maria Kornasiewicz<\/td>\n<\/tr>\n<tr>\n<td rowspan=\"2\" width=\"141\"><strong>Pi\u0105tek<\/strong><\/p>\n<p>19.8.2022r.<\/td>\n<td width=\"65\">7.00<\/td>\n<td width=\"467\">W 18 urodziny Beniamina of. matka chrzesna<\/td>\n<\/tr>\n<tr>\n<td width=\"65\">18.00<\/td>\n<td width=\"467\">+Czes\u0142aw Mermer<\/td>\n<\/tr>\n<tr>\n<td rowspan=\"2\" width=\"141\"><strong>Sobota<\/strong><\/p>\n<p>20.08.2022r.<\/td>\n<td width=\"65\">7.00<\/td>\n<td width=\"467\">+Piotr, Julia Mroczkowscy<\/td>\n<\/tr>\n<tr>\n<td width=\"65\">18.00<\/td>\n<td width=\"467\">+Ryszard Wrona \/7 r. \u015bm.\/<\/td>\n<\/tr>\n<tr>\n<td rowspan=\"4\" width=\"141\"><strong>Niedziela<\/strong><\/p>\n<p>21.08.2022r.<\/td>\n<td width=\"65\">7.30<\/td>\n<td width=\"467\">+J\u00f3zef, Domicela, Tadeusz<\/td>\n<\/tr>\n<tr>\n<td width=\"65\">9.15<\/td>\n<td width=\"467\">+Kazimierz Drozd \/5 r. \u015bm.\/ of. rodzina<\/td>\n<\/tr>\n<tr>\n<td width=\"65\">11.00<\/td>\n<td width=\"467\"><strong>Za Parafian<\/strong><\/td>\n<\/tr>\n<tr>\n<td width=\"65\">16.30<\/td>\n<td width=\"467\">+Helena Kijowska \/9 r. \u015bm.\/<\/td>\n<\/tr>\n<\/tbody>\n<\/table>\n","protected":false},"excerpt":{"rendered":"<p>Poniedzia\u0142ek Wniebowzi\u0119cie Matki Bo\u017cej 15.08.2022r. \u00a0 7.30 10.00 +Ryszard Suwa\u0142a +Stanis\u0142aw, \u0141ukasz, Edward Chyna\u0142 16.00 +Maria Ziemia\u0144ska Wtorek 16.08.2022r. 7.00 +J\u00f3zef Suwa\u0142a \/78 r. \u015bm.\/ Aniela, Stanis\u0142aw, J\u00f3zef 18.00 Dzi\u0119kczynna w 20 rocznic\u0119 \u015blubu Jolanty i Marcina z pro\u015bb\u0105 o Bo\u017c\u0105 opiek\u0119 dla rodziny \u015aroda 17.08.2022r. 7.00 +Andrzej, Stanis\u0142aw \u0106wi\u0105ka\u0142a<span class=\"more-link\"><a href=\"https:\/\/parafiabesko.pl\/?p=9777\">Czytaj wi\u0119cej<\/a><\/span><\/p>\n","protected":false},"author":1,"featured_media":0,"comment_status":"closed","ping_status":"open","sticky":false,"template":"","format":"standard","meta":{"footnotes":""},"categories":[4],"tags":[],"class_list":["entry","author-adminparafiibesko","post-9777","post","type-post","status-publish","format-standard","category-intencje-mszalne"],"_links":{"self":[{"href":"https:\/\/parafiabesko.pl\/index.php?rest_route=\/wp\/v2\/posts\/9777","targetHints":{"allow":["GET"]}}],"collection":[{"href":"https:\/\/parafiabesko.pl\/index.php?rest_route=\/wp\/v2\/posts"}],"about":[{"href":"https:\/\/parafiabesko.pl\/index.php?rest_route=\/wp\/v2\/types\/post"}],"author":[{"embeddable":true,"href":"https:\/\/parafiabesko.pl\/index.php?rest_route=\/wp\/v2\/users\/1"}],"replies":[{"embeddable":true,"href":"https:\/\/parafiabesko.pl\/index.php?rest_route=%2Fwp%2Fv2%2Fcomments&post=9777"}],"version-history":[{"count":0,"href":"https:\/\/parafiabesko.pl\/index.php?rest_route=\/wp\/v2\/posts\/9777\/revisions"}],"wp:attachment":[{"href":"https:\/\/parafiabesko.pl\/index.php?rest_route=%2Fwp%2Fv2%2Fmedia&parent=9777"}],"wp:term":[{"taxonomy":"category","embeddable":true,"href":"https:\/\/parafiabesko.pl\/index.php?rest_route=%2Fwp%2Fv2%2Fcategories&post=9777"},{"taxonomy":"post_tag","embeddable":true,"href":"https:\/\/parafiabesko.pl\/index.php?rest_route=%2Fwp%2Fv2%2Ftags&post=9777"}],"curies":[{"name":"wp","href":"https:\/\/api.w.org\/{rel}","templated":true}]}}