{"id":9774,"date":"2022-08-07T14:57:50","date_gmt":"2022-08-07T14:57:50","guid":{"rendered":"http:\/\/parafiabesko.pl\/?p=9774"},"modified":"2022-08-07T14:57:50","modified_gmt":"2022-08-07T14:57:50","slug":"ogloszenia-parafialne-19-niedziela-zwykla-7-08-2022r","status":"publish","type":"post","link":"https:\/\/parafiabesko.pl\/?p=9774","title":{"rendered":"Og\u0142oszenia parafialne 19 Niedziela zwyk\u0142a 7.08.2022r."},"content":{"rendered":"<p>Dzisiaj w naszej Parafii Niedziela Adoracyjna od godz. 12.00 do 16.00 prywatna adoracja rodzin o godz. 16.00 nabo\u017ce\u0144stwo r\u00f3\u017ca\u0144cowe i zmiana tajemnic adoruje r\u00f3\u017ca \u015bw. Marty prze\u0142o\u017cona Maria Szyndler.<\/p>\n<p>Trwa miesi\u0105c sierpie\u0144 czas narodowych zwyci\u0119stw pod sztandarem Maryi, a tak\u017ce miesi\u0105c modlitwy o trze\u017awo\u015b\u0107 w naszym narodzie.<\/p>\n<p>W poniedzia\u0142ek o godz. 18.00 modlitwa przy relikwiach \u015bw. Jana Paw\u0142a II.<\/p>\n<p>We wtorek o godz. 18.00 Nabo\u017ce\u0144stwo do Mi\u0142osierdzia Bo\u017cego<\/p>\n<p>We \u015brod\u0119 o godz. 18.00 Nowenna do Matki Bo\u017cej Nieustaj\u0105cej Pomocy.<\/p>\n<p>Taca z dzisiejszej niedzieli przeznaczona na potrzeby Archidiecezji.<\/p>\n","protected":false},"excerpt":{"rendered":"<p>Dzisiaj w naszej Parafii Niedziela Adoracyjna od godz. 12.00 do 16.00 prywatna adoracja rodzin o godz. 16.00 nabo\u017ce\u0144stwo r\u00f3\u017ca\u0144cowe i zmiana tajemnic adoruje r\u00f3\u017ca \u015bw. Marty prze\u0142o\u017cona Maria Szyndler. Trwa miesi\u0105c sierpie\u0144 czas narodowych zwyci\u0119stw pod sztandarem Maryi, a tak\u017ce miesi\u0105c modlitwy o trze\u017awo\u015b\u0107 w naszym narodzie. W poniedzia\u0142ek o<span class=\"more-link\"><a href=\"https:\/\/parafiabesko.pl\/?p=9774\">Czytaj wi\u0119cej<\/a><\/span><\/p>\n","protected":false},"author":1,"featured_media":0,"comment_status":"closed","ping_status":"open","sticky":false,"template":"","format":"standard","meta":{"footnotes":""},"categories":[7],"tags":[],"class_list":["entry","author-adminparafiibesko","post-9774","post","type-post","status-publish","format-standard","category-ogloszenia-parafialne"],"_links":{"self":[{"href":"https:\/\/parafiabesko.pl\/index.php?rest_route=\/wp\/v2\/posts\/9774","targetHints":{"allow":["GET"]}}],"collection":[{"href":"https:\/\/parafiabesko.pl\/index.php?rest_route=\/wp\/v2\/posts"}],"about":[{"href":"https:\/\/parafiabesko.pl\/index.php?rest_route=\/wp\/v2\/types\/post"}],"author":[{"embeddable":true,"href":"https:\/\/parafiabesko.pl\/index.php?rest_route=\/wp\/v2\/users\/1"}],"replies":[{"embeddable":true,"href":"https:\/\/parafiabesko.pl\/index.php?rest_route=%2Fwp%2Fv2%2Fcomments&post=9774"}],"version-history":[{"count":0,"href":"https:\/\/parafiabesko.pl\/index.php?rest_route=\/wp\/v2\/posts\/9774\/revisions"}],"wp:attachment":[{"href":"https:\/\/parafiabesko.pl\/index.php?rest_route=%2Fwp%2Fv2%2Fmedia&parent=9774"}],"wp:term":[{"taxonomy":"category","embeddable":true,"href":"https:\/\/parafiabesko.pl\/index.php?rest_route=%2Fwp%2Fv2%2Fcategories&post=9774"},{"taxonomy":"post_tag","embeddable":true,"href":"https:\/\/parafiabesko.pl\/index.php?rest_route=%2Fwp%2Fv2%2Ftags&post=9774"}],"curies":[{"name":"wp","href":"https:\/\/api.w.org\/{rel}","templated":true}]}}