{"id":9772,"date":"2022-08-07T14:53:34","date_gmt":"2022-08-07T14:53:34","guid":{"rendered":"http:\/\/parafiabesko.pl\/?p=9772"},"modified":"2022-08-07T14:53:34","modified_gmt":"2022-08-07T14:53:34","slug":"intencje-mszalne-8-14-08-2022r","status":"publish","type":"post","link":"https:\/\/parafiabesko.pl\/?p=9772","title":{"rendered":"Intencje mszalne 8-14.08.2022r."},"content":{"rendered":"<table width=\"673\">\n<tbody>\n<tr>\n<td rowspan=\"2\" width=\"141\"><strong>Poniedzia\u0142ek<\/strong><\/p>\n<p>8.08.2022r.<\/td>\n<td width=\"65\">7.00<\/td>\n<td width=\"467\">+Andrzej Zaj\u0105czkowski of. rodz. \u017b\u00f3\u0142kiewicz<\/td>\n<\/tr>\n<tr>\n<td width=\"65\">18.00<\/td>\n<td width=\"467\">+Tadeusz Nycz<\/td>\n<\/tr>\n<tr>\n<td rowspan=\"2\" width=\"141\"><strong>Wtorek<\/strong><\/p>\n<p>9.08.2022r.<\/td>\n<td width=\"65\">7.00<\/td>\n<td width=\"467\">+Paulina, Andrzej Haniak<\/td>\n<\/tr>\n<tr>\n<td width=\"65\">18.00<\/td>\n<td width=\"467\">+Tadeusz, Piotr Kopecki<\/td>\n<\/tr>\n<tr>\n<td rowspan=\"2\" width=\"141\"><strong>\u015aroda<\/strong><\/p>\n<p>10.08.2022r.<\/td>\n<td width=\"65\">7.00<\/td>\n<td width=\"467\">+Zdzis\u0142aw J\u00f3zefczyk of. \u017cona<\/td>\n<\/tr>\n<tr>\n<td width=\"65\">18.00<\/td>\n<td width=\"467\">+Maria Mermer i zm. z rodziny<\/td>\n<\/tr>\n<tr>\n<td rowspan=\"2\" width=\"141\"><strong>Czwartek<\/strong><\/p>\n<p>11.08.2022r.<\/td>\n<td width=\"65\">7.00<\/td>\n<td width=\"467\">+Zdzis\u0142aw J\u00f3zefczyk of. szwagierka z D\u0142ugiego<\/td>\n<\/tr>\n<tr>\n<td width=\"65\">18.00<\/td>\n<td width=\"467\">+Maria, Stanis\u0142aw Szajna<\/td>\n<\/tr>\n<tr>\n<td rowspan=\"2\" width=\"141\"><strong>Pi\u0105tek<\/strong><\/p>\n<p>12.8.2022r.<\/td>\n<td width=\"65\">7.00<\/td>\n<td width=\"467\">+Stanis\u0142aw, J\u00f3zefa J\u00f3zefczyk of. bratowa, bratanek Mariusz<\/td>\n<\/tr>\n<tr>\n<td width=\"65\">18.00<\/td>\n<td width=\"467\">+Piotr \/13 r. \u015bm.\/ i Pawe\u0142 Winiarski<\/td>\n<\/tr>\n<tr>\n<td rowspan=\"2\" width=\"141\"><strong>Sobota<\/strong><\/p>\n<p>13.08.2022r.<\/td>\n<td width=\"65\">7.00<\/td>\n<td width=\"467\">+Boles\u0142aw Suwa\u0142a \/7 r. \u015bm.\/ of. \u017cona i c\u00f3rki<\/td>\n<\/tr>\n<tr>\n<td width=\"65\">18.00<\/td>\n<td width=\"467\">+Stanis\u0142aw \/77 r. \u015bm.\/ , Maria Gierliccy oraz ich zmarli rodzice i dzieci<\/td>\n<\/tr>\n<tr>\n<td rowspan=\"4\" width=\"141\"><strong>Niedziela<\/strong><\/p>\n<p>14.08.2022r.<\/td>\n<td width=\"65\">7.30<\/td>\n<td width=\"467\">+Stanis\u0142aw\u0119, W\u0142adys\u0142aw, Boles\u0142aw, J\u00f3zef Sza\u0142ankiewicz<\/td>\n<\/tr>\n<tr>\n<td width=\"65\">9.15<\/td>\n<td width=\"467\">-W 25 r. \u015blubu Edyty i Tomasza \u2013 dzi\u0119kczynno-b\u0142agalna<\/td>\n<\/tr>\n<tr>\n<td width=\"65\">11.00<\/td>\n<td width=\"467\"><strong>Za Parafian<\/strong><\/td>\n<\/tr>\n<tr>\n<td width=\"65\">16.30<\/td>\n<td width=\"467\">+J\u00f3zef, Czes\u0142aw\u0119 Pojnar of. c\u00f3rka z m\u0119\u017cem<\/td>\n<\/tr>\n<\/tbody>\n<\/table>\n","protected":false},"excerpt":{"rendered":"<p>Poniedzia\u0142ek 8.08.2022r. 7.00 +Andrzej Zaj\u0105czkowski of. rodz. \u017b\u00f3\u0142kiewicz 18.00 +Tadeusz Nycz Wtorek 9.08.2022r. 7.00 +Paulina, Andrzej Haniak 18.00 +Tadeusz, Piotr Kopecki \u015aroda 10.08.2022r. 7.00 +Zdzis\u0142aw J\u00f3zefczyk of. \u017cona 18.00 +Maria Mermer i zm. z rodziny Czwartek 11.08.2022r. 7.00 +Zdzis\u0142aw J\u00f3zefczyk of. szwagierka z D\u0142ugiego 18.00 +Maria, Stanis\u0142aw Szajna Pi\u0105tek 12.8.2022r.<span class=\"more-link\"><a href=\"https:\/\/parafiabesko.pl\/?p=9772\">Czytaj wi\u0119cej<\/a><\/span><\/p>\n","protected":false},"author":1,"featured_media":0,"comment_status":"closed","ping_status":"open","sticky":false,"template":"","format":"standard","meta":{"footnotes":""},"categories":[4],"tags":[],"class_list":["entry","author-adminparafiibesko","post-9772","post","type-post","status-publish","format-standard","category-intencje-mszalne"],"_links":{"self":[{"href":"https:\/\/parafiabesko.pl\/index.php?rest_route=\/wp\/v2\/posts\/9772","targetHints":{"allow":["GET"]}}],"collection":[{"href":"https:\/\/parafiabesko.pl\/index.php?rest_route=\/wp\/v2\/posts"}],"about":[{"href":"https:\/\/parafiabesko.pl\/index.php?rest_route=\/wp\/v2\/types\/post"}],"author":[{"embeddable":true,"href":"https:\/\/parafiabesko.pl\/index.php?rest_route=\/wp\/v2\/users\/1"}],"replies":[{"embeddable":true,"href":"https:\/\/parafiabesko.pl\/index.php?rest_route=%2Fwp%2Fv2%2Fcomments&post=9772"}],"version-history":[{"count":0,"href":"https:\/\/parafiabesko.pl\/index.php?rest_route=\/wp\/v2\/posts\/9772\/revisions"}],"wp:attachment":[{"href":"https:\/\/parafiabesko.pl\/index.php?rest_route=%2Fwp%2Fv2%2Fmedia&parent=9772"}],"wp:term":[{"taxonomy":"category","embeddable":true,"href":"https:\/\/parafiabesko.pl\/index.php?rest_route=%2Fwp%2Fv2%2Fcategories&post=9772"},{"taxonomy":"post_tag","embeddable":true,"href":"https:\/\/parafiabesko.pl\/index.php?rest_route=%2Fwp%2Fv2%2Ftags&post=9772"}],"curies":[{"name":"wp","href":"https:\/\/api.w.org\/{rel}","templated":true}]}}