{"id":9770,"date":"2022-07-31T14:51:46","date_gmt":"2022-07-31T14:51:46","guid":{"rendered":"http:\/\/parafiabesko.pl\/?p=9770"},"modified":"2022-07-31T14:51:46","modified_gmt":"2022-07-31T14:51:46","slug":"ogloszenia-parafialne-18-niedziela-zwykla-31-07-2022r","status":"publish","type":"post","link":"https:\/\/parafiabesko.pl\/?p=9770","title":{"rendered":"Og\u0142oszenia parafialne 18 Niedziela zwyk\u0142a 31.07.2022r."},"content":{"rendered":"<p>Jutro rozpoczyna si\u0119 sierpie\u0144, kt\u00f3ry jest\u00a0miesi\u0105cem wielkich wydarze\u0144 patriotycznych jak: \u201eCud nad Wis\u0142\u0105\u201d w 1920 r., Powstanie Warszawskie w 1944 r. i wielki zryw narodowy i powstanie Solidarno\u015bci w 1980 r. to tylko niekt\u00f3re z wa\u017cnych wydarze\u0144 w historii Polski, kt\u00f3re mia\u0142y miejsce w sierpniu. Pami\u0119tajmy w tym miesi\u0105cu o tematyce ojczy\u017anianej i o modlitwie za nasz\u0105 Ojczyzn\u0119.<\/p>\n<p>W zwi\u0105zku z rozpocz\u0119ciem sierpnia\u00a0\u2013\u00a0miesi\u0105ca abstynencji &#8211; Episkopat Polski przypomina: \u201eKo\u015bci\u00f3\u0142 prosi wszystkich Polak\u00f3w o \u015bwiadectwo abstynencji z motyw\u00f3w religijno\u2013moralnych, wychowawczych i patriotycznych. Abstynencj\u0119 mo\u017cemy ofiarowa\u0107 Bogu jako wynagrodzenie za grzech pija\u0144stwa\u201d. Zach\u0119camy Parafian do abstynencji w tym miesi\u0105cu i podejmowania r\u00f3\u017cnych inicjatyw trze\u017awo\u015bciowych.<\/p>\n<p>Spowied\u017a przed pierwszym pi\u0105tkiem miesi\u0105ca do poniedzia\u0142ku rano i wieczorem przed Msz\u0105 \u015bwi\u0119t\u0105. Dzieci i m\u0142odzie\u017c do spowiedzi zapraszamy we \u015brod\u0119 do godz. 17.00.<\/p>\n<p>W poniedzia\u0142ek o godz. 18.00 modlitwa przy relikwiach \u015bw. Jana Paw\u0142a II.<\/p>\n<p>We wtorek o godz. 18.00 nabo\u017ce\u0144stwo do Mi\u0142osierdzia Bo\u017cego.<\/p>\n<p>We \u015brod\u0119 o godz. 18.00 Nowenna do Matki Bo\u017cej Nieustaj\u0105cej Pomocy.<\/p>\n<p>Pierwszy czwartek miesi\u0105ca o godz. 18.00 Godzina \u015bwi\u0119ta.<\/p>\n<p>Pierwszy pi\u0105tek miesi\u0105ca o godzinie 7.00 Msza \u015bw. i adoracja, adoruje r\u00f3\u017ca Kr\u00f3lowej Jadwigi prze\u0142o\u017cona Ewa \u0106wi\u0105ka\u0142a, wieczorem o godzinie 18.00 Msza \u015bw. i adoracja. W ko\u015bcio\u0142ach filialnych w Por\u0119bach i Mymoniu o godzinie 16.00 adoracja, spowied\u017a i Msza \u015bw.. Chorych w Besku b\u0119dziemy odwiedza\u0107 od godziny 8.00.<\/p>\n<p>Pierwsza sobota miesi\u0105ca, o godz. 7.00 Msza \u015bwi\u0119ta i nabo\u017ce\u0144stwo do Matki Bo\u017cej, adoruje r\u00f3\u017ca \u015bw. Marii Magdaleny prze\u0142o\u017cona Maria Rajter, a o godz. 20.00 wiecz\u00f3r fatimski.<\/p>\n<p>W przysz\u0142\u0105 niedziel\u0119 w naszej Parafii Niedziela Adoracyjna od godz. 12.00 do 16.00 prywatna adoracja rodzin o godz. 16.00 nabo\u017ce\u0144stwo r\u00f3\u017ca\u0144cowe i zmiana tajemnic adoruje r\u00f3\u017ca \u015bw. Marty prze\u0142o\u017cona Maria Szyndler.<\/p>\n<p>Dzi\u0119kujemy stra\u017cakom za organizowanie ruchu w \u015bwi\u0119to \u015bw. Krzysztofa przy pokropieniu pojazd\u00f3w. B\u00f3g zap\u0142a\u0107!<\/p>\n","protected":false},"excerpt":{"rendered":"<p>Jutro rozpoczyna si\u0119 sierpie\u0144, kt\u00f3ry jest\u00a0miesi\u0105cem wielkich wydarze\u0144 patriotycznych jak: \u201eCud nad Wis\u0142\u0105\u201d w 1920 r., Powstanie Warszawskie w 1944 r. i wielki zryw narodowy i powstanie Solidarno\u015bci w 1980 r. to tylko niekt\u00f3re z wa\u017cnych wydarze\u0144 w historii Polski, kt\u00f3re mia\u0142y miejsce w sierpniu. Pami\u0119tajmy w tym miesi\u0105cu o<span class=\"more-link\"><a href=\"https:\/\/parafiabesko.pl\/?p=9770\">Czytaj wi\u0119cej<\/a><\/span><\/p>\n","protected":false},"author":1,"featured_media":0,"comment_status":"closed","ping_status":"open","sticky":false,"template":"","format":"standard","meta":{"footnotes":""},"categories":[7],"tags":[],"class_list":["entry","author-adminparafiibesko","post-9770","post","type-post","status-publish","format-standard","category-ogloszenia-parafialne"],"_links":{"self":[{"href":"https:\/\/parafiabesko.pl\/index.php?rest_route=\/wp\/v2\/posts\/9770","targetHints":{"allow":["GET"]}}],"collection":[{"href":"https:\/\/parafiabesko.pl\/index.php?rest_route=\/wp\/v2\/posts"}],"about":[{"href":"https:\/\/parafiabesko.pl\/index.php?rest_route=\/wp\/v2\/types\/post"}],"author":[{"embeddable":true,"href":"https:\/\/parafiabesko.pl\/index.php?rest_route=\/wp\/v2\/users\/1"}],"replies":[{"embeddable":true,"href":"https:\/\/parafiabesko.pl\/index.php?rest_route=%2Fwp%2Fv2%2Fcomments&post=9770"}],"version-history":[{"count":0,"href":"https:\/\/parafiabesko.pl\/index.php?rest_route=\/wp\/v2\/posts\/9770\/revisions"}],"wp:attachment":[{"href":"https:\/\/parafiabesko.pl\/index.php?rest_route=%2Fwp%2Fv2%2Fmedia&parent=9770"}],"wp:term":[{"taxonomy":"category","embeddable":true,"href":"https:\/\/parafiabesko.pl\/index.php?rest_route=%2Fwp%2Fv2%2Fcategories&post=9770"},{"taxonomy":"post_tag","embeddable":true,"href":"https:\/\/parafiabesko.pl\/index.php?rest_route=%2Fwp%2Fv2%2Ftags&post=9770"}],"curies":[{"name":"wp","href":"https:\/\/api.w.org\/{rel}","templated":true}]}}