{"id":9768,"date":"2022-07-31T14:48:21","date_gmt":"2022-07-31T14:48:21","guid":{"rendered":"http:\/\/parafiabesko.pl\/?p=9768"},"modified":"2022-07-31T14:48:21","modified_gmt":"2022-07-31T14:48:21","slug":"intencje-mszalne-1-7-08-2022r","status":"publish","type":"post","link":"https:\/\/parafiabesko.pl\/?p=9768","title":{"rendered":"Intencje mszalne 1-7.08.2022r."},"content":{"rendered":"<table width=\"673\">\n<tbody>\n<tr>\n<td rowspan=\"2\" width=\"141\"><strong>Poniedzia\u0142ek<\/strong><\/p>\n<p>1.08.2022r.<\/td>\n<td width=\"65\">7.00<\/td>\n<td width=\"467\">+Andrzej Zaj\u0105czkowski of. Zarz\u0105d i zawodnicy Prze\u0142om Besko<\/td>\n<\/tr>\n<tr>\n<td width=\"65\">18.00<\/td>\n<td width=\"467\">+Tadeusz \/1r.\u015bm.\/ i Helena Zubik<\/td>\n<\/tr>\n<tr>\n<td rowspan=\"2\" width=\"141\"><strong>Wtorek<\/strong><\/p>\n<p>2.08.2022r.<\/td>\n<td width=\"65\">7.00<\/td>\n<td width=\"467\">+Renata Krupska of. Zofii i Marii<\/td>\n<\/tr>\n<tr>\n<td width=\"65\">18.00<\/td>\n<td width=\"467\">-Dzi\u0119kczynna w 18 urodziny Miko\u0142aja z pro\u015bb\u0105 o Bo\u017c\u0105 opiek\u0119 w doros\u0142ym \u017cyciu<\/td>\n<\/tr>\n<tr>\n<td rowspan=\"2\" width=\"141\"><strong>\u015aroda<\/strong><\/p>\n<p>3.08.2022r.<\/td>\n<td width=\"65\">7.00<\/td>\n<td width=\"467\">+Tomasz i Grzegorz of. Stanis\u0142awa, Marian, Aniela<\/td>\n<\/tr>\n<tr>\n<td width=\"65\">18.00<\/td>\n<td width=\"467\">-Dzi\u0119kczynna w 18 urodziny\u00a0 Izy z pro\u015bb\u0105 o Bo\u017c\u0105 opiek\u0119 w doros\u0142ym \u017cyciu<\/td>\n<\/tr>\n<tr>\n<td rowspan=\"2\" width=\"141\"><strong>Czwartek<\/strong><\/p>\n<p>4.08.2022r.<\/td>\n<td width=\"65\">7.00<\/td>\n<td width=\"467\">+J\u00f3zef, Katarzyna i zm. z rodziny Potockich<\/td>\n<\/tr>\n<tr>\n<td width=\"65\">18.00<\/td>\n<td width=\"467\">+Antonina, Ryszard i zm. z rodziny<\/td>\n<\/tr>\n<tr>\n<td rowspan=\"2\" width=\"141\"><strong>Pi\u0105tek<\/strong><\/p>\n<p>5.8.2022r.<\/td>\n<td width=\"65\">7.00<\/td>\n<td width=\"467\">+Rozalia, Stanis\u0142aw Wr\u00f3bel<\/td>\n<\/tr>\n<tr>\n<td width=\"65\">18.00<\/td>\n<td width=\"467\">+Stanis\u0142aw Mermer i zm. z rodziny<\/td>\n<\/tr>\n<tr>\n<td rowspan=\"2\" width=\"141\"><strong>Sobota<\/strong><\/p>\n<p>6.08.2022r.<\/td>\n<td width=\"65\">7.00<\/td>\n<td width=\"467\">+Czes\u0142aw\u0119 Mermer \/2 r. \u015bm.\/ of. syn z rodzin\u0105<\/td>\n<\/tr>\n<tr>\n<td width=\"65\">20.00<\/td>\n<td width=\"467\">-Dzi\u0119kczynna w 30 rocznic\u0119 \u015blubu Anny i Stanis\u0142awa z pro\u015bb\u0105 o Bo\u017c\u0105 opiek\u0119 dla ca\u0142ej rodziny<\/td>\n<\/tr>\n<tr>\n<td rowspan=\"4\" width=\"141\"><strong>Niedziela<\/strong><\/p>\n<p>7.08.2022r.<\/td>\n<td width=\"65\">7.30<\/td>\n<td width=\"467\">+J\u00f3zef\u0119, Andrzej Bolanowscy<\/td>\n<\/tr>\n<tr>\n<td width=\"65\">9.15<\/td>\n<td width=\"467\">+Stanis\u0142aw Szul of. \u017cona z rodzin\u0105<\/td>\n<\/tr>\n<tr>\n<td width=\"65\">11.00<\/td>\n<td width=\"467\"><strong>Za Parafian<\/strong><\/td>\n<\/tr>\n<tr>\n<td width=\"65\">16.30<\/td>\n<td width=\"467\">+Bogumi\u0142a Kocha\u0144ska \/14 r. \u015bm.\/<\/td>\n<\/tr>\n<\/tbody>\n<\/table>\n","protected":false},"excerpt":{"rendered":"<p>Poniedzia\u0142ek 1.08.2022r. 7.00 +Andrzej Zaj\u0105czkowski of. Zarz\u0105d i zawodnicy Prze\u0142om Besko 18.00 +Tadeusz \/1r.\u015bm.\/ i Helena Zubik Wtorek 2.08.2022r. 7.00 +Renata Krupska of. Zofii i Marii 18.00 -Dzi\u0119kczynna w 18 urodziny Miko\u0142aja z pro\u015bb\u0105 o Bo\u017c\u0105 opiek\u0119 w doros\u0142ym \u017cyciu \u015aroda 3.08.2022r. 7.00 +Tomasz i Grzegorz of. Stanis\u0142awa, Marian, Aniela<span class=\"more-link\"><a href=\"https:\/\/parafiabesko.pl\/?p=9768\">Czytaj wi\u0119cej<\/a><\/span><\/p>\n","protected":false},"author":1,"featured_media":0,"comment_status":"closed","ping_status":"open","sticky":false,"template":"","format":"standard","meta":{"footnotes":""},"categories":[4],"tags":[],"class_list":["entry","author-adminparafiibesko","post-9768","post","type-post","status-publish","format-standard","category-intencje-mszalne"],"_links":{"self":[{"href":"https:\/\/parafiabesko.pl\/index.php?rest_route=\/wp\/v2\/posts\/9768","targetHints":{"allow":["GET"]}}],"collection":[{"href":"https:\/\/parafiabesko.pl\/index.php?rest_route=\/wp\/v2\/posts"}],"about":[{"href":"https:\/\/parafiabesko.pl\/index.php?rest_route=\/wp\/v2\/types\/post"}],"author":[{"embeddable":true,"href":"https:\/\/parafiabesko.pl\/index.php?rest_route=\/wp\/v2\/users\/1"}],"replies":[{"embeddable":true,"href":"https:\/\/parafiabesko.pl\/index.php?rest_route=%2Fwp%2Fv2%2Fcomments&post=9768"}],"version-history":[{"count":0,"href":"https:\/\/parafiabesko.pl\/index.php?rest_route=\/wp\/v2\/posts\/9768\/revisions"}],"wp:attachment":[{"href":"https:\/\/parafiabesko.pl\/index.php?rest_route=%2Fwp%2Fv2%2Fmedia&parent=9768"}],"wp:term":[{"taxonomy":"category","embeddable":true,"href":"https:\/\/parafiabesko.pl\/index.php?rest_route=%2Fwp%2Fv2%2Fcategories&post=9768"},{"taxonomy":"post_tag","embeddable":true,"href":"https:\/\/parafiabesko.pl\/index.php?rest_route=%2Fwp%2Fv2%2Ftags&post=9768"}],"curies":[{"name":"wp","href":"https:\/\/api.w.org\/{rel}","templated":true}]}}