{"id":9765,"date":"2022-07-25T08:24:43","date_gmt":"2022-07-25T08:24:43","guid":{"rendered":"http:\/\/parafiabesko.pl\/?p=9765"},"modified":"2022-07-25T08:24:43","modified_gmt":"2022-07-25T08:24:43","slug":"ogloszenia-parafialne-17-niedziela-zwykla-24-07-2022r","status":"publish","type":"post","link":"https:\/\/parafiabesko.pl\/?p=9765","title":{"rendered":"Og\u0142oszenia parafialne 17 Niedziela zwyk\u0142a 24.07.2022r."},"content":{"rendered":"<ol>\n<li>W zwi\u0105zku ze wspomnieniem \u015bw. Krzysztofa, patrona kierowc\u00f3w dzisiaj po ka\u017cdej Mszy \u015bwi\u0119tej b\u0119dzie sprawowany obrz\u0119d b\u0142ogos\u0142awie\u0144stwa kierowc\u00f3w i pojazd\u00f3w mechanicznych. Ofiary sk\u0142adane przy tej okazji przeznaczone s\u0105 na Misje \u015bwi\u0119te.<\/li>\n<li>W poniedzia\u0142ek o godz. 18.00 modlitwa przy relikwiach \u015bw. Jana Paw\u0142a II.<\/li>\n<li>We wtorek wspomnienie liturgiczne \u015bw. Joachima i Anny, dzie\u0144 modlitwy za rodzic\u00f3w i ludzi starszych. o godz. 18.00 Nabo\u017ce\u0144stwo do Bo\u017cego Mi\u0142osierdzia.<\/li>\n<li>We \u015brod\u0119 o godz. 18.00 Nowenna do MB Nieustaj\u0105cej Pomocy.<\/li>\n<\/ol>\n","protected":false},"excerpt":{"rendered":"<p>W zwi\u0105zku ze wspomnieniem \u015bw. Krzysztofa, patrona kierowc\u00f3w dzisiaj po ka\u017cdej Mszy \u015bwi\u0119tej b\u0119dzie sprawowany obrz\u0119d b\u0142ogos\u0142awie\u0144stwa kierowc\u00f3w i pojazd\u00f3w mechanicznych. Ofiary sk\u0142adane przy tej okazji przeznaczone s\u0105 na Misje \u015bwi\u0119te. W poniedzia\u0142ek o godz. 18.00 modlitwa przy relikwiach \u015bw. Jana Paw\u0142a II. We wtorek wspomnienie liturgiczne \u015bw. Joachima i<span class=\"more-link\"><a href=\"https:\/\/parafiabesko.pl\/?p=9765\">Czytaj wi\u0119cej<\/a><\/span><\/p>\n","protected":false},"author":1,"featured_media":0,"comment_status":"closed","ping_status":"open","sticky":false,"template":"","format":"standard","meta":{"footnotes":""},"categories":[7],"tags":[],"class_list":["entry","author-adminparafiibesko","post-9765","post","type-post","status-publish","format-standard","category-ogloszenia-parafialne"],"_links":{"self":[{"href":"https:\/\/parafiabesko.pl\/index.php?rest_route=\/wp\/v2\/posts\/9765","targetHints":{"allow":["GET"]}}],"collection":[{"href":"https:\/\/parafiabesko.pl\/index.php?rest_route=\/wp\/v2\/posts"}],"about":[{"href":"https:\/\/parafiabesko.pl\/index.php?rest_route=\/wp\/v2\/types\/post"}],"author":[{"embeddable":true,"href":"https:\/\/parafiabesko.pl\/index.php?rest_route=\/wp\/v2\/users\/1"}],"replies":[{"embeddable":true,"href":"https:\/\/parafiabesko.pl\/index.php?rest_route=%2Fwp%2Fv2%2Fcomments&post=9765"}],"version-history":[{"count":0,"href":"https:\/\/parafiabesko.pl\/index.php?rest_route=\/wp\/v2\/posts\/9765\/revisions"}],"wp:attachment":[{"href":"https:\/\/parafiabesko.pl\/index.php?rest_route=%2Fwp%2Fv2%2Fmedia&parent=9765"}],"wp:term":[{"taxonomy":"category","embeddable":true,"href":"https:\/\/parafiabesko.pl\/index.php?rest_route=%2Fwp%2Fv2%2Fcategories&post=9765"},{"taxonomy":"post_tag","embeddable":true,"href":"https:\/\/parafiabesko.pl\/index.php?rest_route=%2Fwp%2Fv2%2Ftags&post=9765"}],"curies":[{"name":"wp","href":"https:\/\/api.w.org\/{rel}","templated":true}]}}