{"id":9761,"date":"2022-07-17T20:28:54","date_gmt":"2022-07-17T20:28:54","guid":{"rendered":"http:\/\/parafiabesko.pl\/?p=9761"},"modified":"2022-07-17T20:28:54","modified_gmt":"2022-07-17T20:28:54","slug":"ogloszenia-parafialne-16-niedziela-zwykla-17-07-2022r","status":"publish","type":"post","link":"https:\/\/parafiabesko.pl\/?p=9761","title":{"rendered":"Og\u0142oszenia parafialne 16 Niedziela zwyk\u0142a 17.07.2022r."},"content":{"rendered":"<p>W poniedzia\u0142ek o godz. 18.00 modlitwa przy relikwiach \u015bw. Jana Paw\u0142a II.<\/p>\n<p>We wtorek o godz. 18.00 Nabo\u017ce\u0144stwo do Bo\u017cego Mi\u0142osierdzia.<\/p>\n<p>We \u015brod\u0119 o godz. 18.00 Nowenna do Matki Bo\u017cej Nieustaj\u0105cej Pomocy.<\/p>\n<p>W zwi\u0105zku ze wspomnieniem \u015bw. Krzysztofa, patrona kierowc\u00f3w obchodzonym w przysz\u0142\u0105 niedziel\u0119 po ka\u017cdej Mszy \u015bwi\u0119tej b\u0119dzie sprawowany obrz\u0119d b\u0142ogos\u0142awie\u0144stwa\u00a0 kierowc\u00f3w i pojazd\u00f3w mechanicznych. Ofiary sk\u0142adane przy tej okazji przeznaczone s\u0105 na Misje \u015bwi\u0119te.<\/p>\n","protected":false},"excerpt":{"rendered":"<p>W poniedzia\u0142ek o godz. 18.00 modlitwa przy relikwiach \u015bw. Jana Paw\u0142a II. We wtorek o godz. 18.00 Nabo\u017ce\u0144stwo do Bo\u017cego Mi\u0142osierdzia. We \u015brod\u0119 o godz. 18.00 Nowenna do Matki Bo\u017cej Nieustaj\u0105cej Pomocy. W zwi\u0105zku ze wspomnieniem \u015bw. Krzysztofa, patrona kierowc\u00f3w obchodzonym w przysz\u0142\u0105 niedziel\u0119 po ka\u017cdej Mszy \u015bwi\u0119tej b\u0119dzie sprawowany<span class=\"more-link\"><a href=\"https:\/\/parafiabesko.pl\/?p=9761\">Czytaj wi\u0119cej<\/a><\/span><\/p>\n","protected":false},"author":1,"featured_media":0,"comment_status":"closed","ping_status":"open","sticky":false,"template":"","format":"standard","meta":{"footnotes":""},"categories":[7],"tags":[],"class_list":["entry","author-adminparafiibesko","post-9761","post","type-post","status-publish","format-standard","category-ogloszenia-parafialne"],"_links":{"self":[{"href":"https:\/\/parafiabesko.pl\/index.php?rest_route=\/wp\/v2\/posts\/9761","targetHints":{"allow":["GET"]}}],"collection":[{"href":"https:\/\/parafiabesko.pl\/index.php?rest_route=\/wp\/v2\/posts"}],"about":[{"href":"https:\/\/parafiabesko.pl\/index.php?rest_route=\/wp\/v2\/types\/post"}],"author":[{"embeddable":true,"href":"https:\/\/parafiabesko.pl\/index.php?rest_route=\/wp\/v2\/users\/1"}],"replies":[{"embeddable":true,"href":"https:\/\/parafiabesko.pl\/index.php?rest_route=%2Fwp%2Fv2%2Fcomments&post=9761"}],"version-history":[{"count":0,"href":"https:\/\/parafiabesko.pl\/index.php?rest_route=\/wp\/v2\/posts\/9761\/revisions"}],"wp:attachment":[{"href":"https:\/\/parafiabesko.pl\/index.php?rest_route=%2Fwp%2Fv2%2Fmedia&parent=9761"}],"wp:term":[{"taxonomy":"category","embeddable":true,"href":"https:\/\/parafiabesko.pl\/index.php?rest_route=%2Fwp%2Fv2%2Fcategories&post=9761"},{"taxonomy":"post_tag","embeddable":true,"href":"https:\/\/parafiabesko.pl\/index.php?rest_route=%2Fwp%2Fv2%2Ftags&post=9761"}],"curies":[{"name":"wp","href":"https:\/\/api.w.org\/{rel}","templated":true}]}}