{"id":9756,"date":"2022-06-25T17:04:07","date_gmt":"2022-06-25T17:04:07","guid":{"rendered":"http:\/\/parafiabesko.pl\/?p=9756"},"modified":"2022-06-25T17:04:07","modified_gmt":"2022-06-25T17:04:07","slug":"ogloszenia-parafialne-13-niedziela-zwykla-26-06-2022r","status":"publish","type":"post","link":"https:\/\/parafiabesko.pl\/?p=9756","title":{"rendered":"Og\u0142oszenia parafialne 13 Niedziela zwyk\u0142a 26.06.2022r."},"content":{"rendered":"<p>Jutro w poniedzia\u0142ek <strong>27 czerwca<\/strong> <strong>\u015awi\u0119to NMP Nieustaj\u0105cej Pomocy \u2013 odpust parafialny. <\/strong>Rano Msza \u015bw. z kazaniem o godzinie 7.30, uroczysta suma o godzinie 11.00 na kt\u00f3r\u0105 zapraszamy dzieci do sypania kwiat\u00f3w oraz dzieci klasy trzeciej w strojach pierwszokomunijnych, Parafianki w strojach ludowych &#8211; po sumie procesja eucharystyczna Po po\u0142udniu Msza \u015bw. z kazaniem o godzinie 18.00.<\/p>\n<p>We \u015brod\u0119 <strong>29 czerwca<\/strong> <strong>Uroczysto\u015b\u0107 \u015bwi\u0119tych Aposto\u0142\u00f3w Piotra i Paw\u0142a.<\/strong> Porz\u0105dek Mszy \u015bwi\u0119tych w Besku: rano 7.30, suma o godzinie 10.00 i po po\u0142udniu o godzinie 18.00. W ko\u015bcio\u0142ach filialnych Msza \u015bw. w Por\u0119bach i w Mymoniu o godzinie 17.00. Taca z tej uroczysto\u015bci przeznaczona jest na Stolic\u0119 Apostolsk\u0105. W tym dniu modlimy si\u0119 w intencji ks. Paw\u0142a naszego wikariusza.<\/p>\n<p>W czwartek zako\u0144czenie nabo\u017ce\u0144stw czerwcowych do NSPJ.<\/p>\n<p>Pierwszy pi\u0105tek miesi\u0105ca rano o godzinie 7.00 Msza \u015bwi\u0119ta i adoracja, adoruje r\u00f3\u017ca Niepokalanego Pocz\u0119cia NMP prze\u0142o\u017cona Bronis\u0142awa Ziemia\u0144ska. <strong>W najbli\u017cszy pi\u0105tek nasza Parafia Besko zosta\u0142a wyznaczona przez diecezj\u0119, aby zorganizowa\u0107 modlitw\u0119 o powo\u0142anie kap\u0142a\u0144skie i zakonne. Zach\u0119camy Parafian do modlitwy w tej intencji. W \u015bwi\u0105tyni parafialnej ta intencja b\u0119dzie przedstawiona Panu Bogu po porannej Mszy \u015bw. a o godz. 16.00 wystawienie Naj\u015bwi\u0119tszego Sakramentu i adoracja prowadzona od godz. 16.00 do 17.00 przez KSM, a od godz. 17.00 do 18.00 przez Akcj\u0119 Katolick\u0105 i Domowy Ko\u015bci\u00f3\u0142 o godz. 18.00 Msza \u015bw. i nabo\u017ce\u0144stwo do NSPJ. <\/strong>W ko\u015bcio\u0142ach filialnych w Mymoniu i w Por\u0119bach o godzinie 16.00 spowied\u017a, adoracja i Msza \u015bw.\u00a0 Odwiedzanie chorych w Besku od godz. 8.00.<\/p>\n<p>Pierwsza sobota miesi\u0105ca rano o godzinie 7.00 msza \u015bw. i nabo\u017ce\u0144stwo do Matki Bo\u017cej adoruje r\u00f3\u017ca \u015bw. Anny prze\u0142o\u017cona Janina Suwa\u0142a, wieczorem o godzinie 20.00 &#8211; Wiecz\u00f3r fatimski.<\/p>\n<p>W przysz\u0142\u0105 niedziel\u0119 <strong>Niedziela Adoracyjna<\/strong> od godziny 12.00 do 16.00 prywatna adoracja rodzin Parafii, o godzinie 16.00 nabo\u017ce\u0144stwo r\u00f3\u017ca\u0144cowe i zmiana tajemnic r\u00f3\u017ca\u0144cowych adoruje r\u00f3\u017ca Niepokalanego Serca NMP prze\u0142o\u017cona Anna Szul.<\/p>\n<p>Dzi\u0119kujemy Parafianom za z\u0142o\u017cenie ofiar na prace przy naszej \u015bwi\u0105tyni. B\u00f3g zap\u0142a\u0107!<\/p>\n","protected":false},"excerpt":{"rendered":"<p>Jutro w poniedzia\u0142ek 27 czerwca \u015awi\u0119to NMP Nieustaj\u0105cej Pomocy \u2013 odpust parafialny. Rano Msza \u015bw. z kazaniem o godzinie 7.30, uroczysta suma o godzinie 11.00 na kt\u00f3r\u0105 zapraszamy dzieci do sypania kwiat\u00f3w oraz dzieci klasy trzeciej w strojach pierwszokomunijnych, Parafianki w strojach ludowych &#8211; po sumie procesja eucharystyczna Po po\u0142udniu<span class=\"more-link\"><a href=\"https:\/\/parafiabesko.pl\/?p=9756\">Czytaj wi\u0119cej<\/a><\/span><\/p>\n","protected":false},"author":1,"featured_media":0,"comment_status":"closed","ping_status":"open","sticky":false,"template":"","format":"standard","meta":{"footnotes":""},"categories":[7],"tags":[],"class_list":["entry","author-adminparafiibesko","post-9756","post","type-post","status-publish","format-standard","category-ogloszenia-parafialne"],"_links":{"self":[{"href":"https:\/\/parafiabesko.pl\/index.php?rest_route=\/wp\/v2\/posts\/9756","targetHints":{"allow":["GET"]}}],"collection":[{"href":"https:\/\/parafiabesko.pl\/index.php?rest_route=\/wp\/v2\/posts"}],"about":[{"href":"https:\/\/parafiabesko.pl\/index.php?rest_route=\/wp\/v2\/types\/post"}],"author":[{"embeddable":true,"href":"https:\/\/parafiabesko.pl\/index.php?rest_route=\/wp\/v2\/users\/1"}],"replies":[{"embeddable":true,"href":"https:\/\/parafiabesko.pl\/index.php?rest_route=%2Fwp%2Fv2%2Fcomments&post=9756"}],"version-history":[{"count":0,"href":"https:\/\/parafiabesko.pl\/index.php?rest_route=\/wp\/v2\/posts\/9756\/revisions"}],"wp:attachment":[{"href":"https:\/\/parafiabesko.pl\/index.php?rest_route=%2Fwp%2Fv2%2Fmedia&parent=9756"}],"wp:term":[{"taxonomy":"category","embeddable":true,"href":"https:\/\/parafiabesko.pl\/index.php?rest_route=%2Fwp%2Fv2%2Fcategories&post=9756"},{"taxonomy":"post_tag","embeddable":true,"href":"https:\/\/parafiabesko.pl\/index.php?rest_route=%2Fwp%2Fv2%2Ftags&post=9756"}],"curies":[{"name":"wp","href":"https:\/\/api.w.org\/{rel}","templated":true}]}}