{"id":9754,"date":"2022-06-25T17:00:20","date_gmt":"2022-06-25T17:00:20","guid":{"rendered":"http:\/\/parafiabesko.pl\/?p=9754"},"modified":"2022-06-25T17:00:20","modified_gmt":"2022-06-25T17:00:20","slug":"intencje-mszalne-27-06-3-07-2022r","status":"publish","type":"post","link":"https:\/\/parafiabesko.pl\/?p=9754","title":{"rendered":"Intencje mszalne 27.06.-3.07.2022r."},"content":{"rendered":"<table width=\"673\">\n<tbody>\n<tr>\n<td rowspan=\"2\" width=\"141\"><strong>Poniedzia\u0142ek<\/strong><\/p>\n<p><strong><u>Matki Bo\u017cej<br \/>\nNieustaj\u0105cej <\/u><\/strong><strong><u>Pomocy<\/u><\/strong><\/p>\n<p><em>27.06.2022r.<\/em><\/td>\n<td width=\"65\">7.30<\/p>\n<p><strong>\u00a0<\/strong><\/p>\n<p><strong>\u00a0<\/strong><\/p>\n<p><strong>11.00<\/strong><\/td>\n<td width=\"467\">1. +Kazimier\u0119 Suwa\u0142a i zm. rodzice<\/p>\n<p>2. + Edward Depa \/6 r. \u015bm.\/ of. \u017cona i c\u00f3rki<\/p>\n<p>&nbsp;<\/p>\n<p><strong>Za Parafian<\/strong><\/td>\n<\/tr>\n<tr>\n<td width=\"65\">18.00<\/td>\n<td width=\"467\">+Pawe\u0142 Nycz<\/td>\n<\/tr>\n<tr>\n<td rowspan=\"2\" width=\"141\"><strong>Wtorek<\/strong><\/p>\n<p>28.06.2022r.<\/td>\n<td width=\"65\">7.00<\/td>\n<td width=\"467\">+Katarzyna, Piotr Kielar<\/td>\n<\/tr>\n<tr>\n<td width=\"65\">18.00<\/td>\n<td width=\"467\">\u00a0+Tadeusz Nycz<\/td>\n<\/tr>\n<tr>\n<td rowspan=\"2\" width=\"141\"><strong>\u015aroda<\/strong><\/p>\n<p><strong><u>\u015aw. Piotra i Paw\u0142a<\/u><\/strong><\/p>\n<p><em>29.06.2022r.<\/em><\/td>\n<td width=\"65\">7.30<\/p>\n<p><strong>10.00<\/strong><\/td>\n<td width=\"467\">+Piotr, Pawe\u0142 Winiarscy<\/p>\n<p><strong>&#8211; W intencji siostry Klary of. rodzice i dzieci kl. 3a i 3b<\/strong>.<\/td>\n<\/tr>\n<tr>\n<td width=\"65\">18.00<\/td>\n<td width=\"467\">1. +Pawe\u0142 Szweda<\/p>\n<p>2. \u2013 o \u0142ask\u0119 zdrowia dla Jana \/poza Parafi\u0105\/<\/td>\n<\/tr>\n<tr>\n<td rowspan=\"2\" width=\"141\"><strong>Czwartek<\/strong><\/p>\n<p>30.06.2022r.<\/td>\n<td width=\"65\">7.00<\/td>\n<td width=\"467\">+Stanis\u0142aw\u0119 Czapor of. r\u00f3\u017ca Zofii Gierlickiej<\/td>\n<\/tr>\n<tr>\n<td width=\"65\">18.00<\/td>\n<td width=\"467\">1. +Jerzy Wajs \/18 r. \u015bm.\/<\/p>\n<p>2. +Edward Szafran of. s\u0105siedzi z ul. Bieszczadzkiej<\/td>\n<\/tr>\n<tr>\n<td rowspan=\"2\" width=\"141\"><strong>Pi\u0105tek<\/strong><\/p>\n<p>1.07.2022r.<\/td>\n<td width=\"65\">7.00<\/td>\n<td width=\"467\">+Krzysztof W\u0142adyka<\/td>\n<\/tr>\n<tr>\n<td width=\"65\">18.00<\/td>\n<td width=\"467\">+Stanis\u0142aw\u0119, J\u00f3zef, Jan Kolanko<\/td>\n<\/tr>\n<tr>\n<td rowspan=\"2\" width=\"141\"><strong>Sobota<\/strong><\/p>\n<p>2.07.2022r.<\/td>\n<td width=\"65\">7.00<\/td>\n<td width=\"467\">+Jan, Julia, Jan, Maria Tutak i Ma\u0142gorzat\u0119<\/td>\n<\/tr>\n<tr>\n<td width=\"65\">20.00<\/td>\n<td width=\"467\">+J\u00f3zef Szybka<\/td>\n<\/tr>\n<tr>\n<td rowspan=\"4\" width=\"141\"><strong>Niedziela<\/strong><\/p>\n<p>3.07.2022r.<\/td>\n<td width=\"65\">7.30<\/td>\n<td width=\"467\">+Tadeusz Ziemia\u0144ski<\/td>\n<\/tr>\n<tr>\n<td width=\"65\">9.15<\/td>\n<td width=\"467\">+Bronis\u0142aw\u0119, Krzysztof Korzto\u0144 of. synowie<\/td>\n<\/tr>\n<tr>\n<td width=\"65\">11.00<\/td>\n<td width=\"467\"><strong>Za Parafian<\/strong><\/td>\n<\/tr>\n<tr>\n<td width=\"65\">16.30<\/td>\n<td width=\"467\">+Maria, Wawrzyniec Michnowicz i zm. z rodziny<\/td>\n<\/tr>\n<\/tbody>\n<\/table>\n","protected":false},"excerpt":{"rendered":"<p>Poniedzia\u0142ek Matki Bo\u017cej Nieustaj\u0105cej Pomocy 27.06.2022r. 7.30 \u00a0 \u00a0 11.00 1. +Kazimier\u0119 Suwa\u0142a i zm. rodzice 2. + Edward Depa \/6 r. \u015bm.\/ of. \u017cona i c\u00f3rki &nbsp; Za Parafian 18.00 +Pawe\u0142 Nycz Wtorek 28.06.2022r. 7.00 +Katarzyna, Piotr Kielar 18.00 \u00a0+Tadeusz Nycz \u015aroda \u015aw. Piotra i Paw\u0142a 29.06.2022r. 7.30 10.00<span class=\"more-link\"><a href=\"https:\/\/parafiabesko.pl\/?p=9754\">Czytaj wi\u0119cej<\/a><\/span><\/p>\n","protected":false},"author":1,"featured_media":0,"comment_status":"closed","ping_status":"open","sticky":false,"template":"","format":"standard","meta":{"footnotes":""},"categories":[4],"tags":[],"class_list":["entry","author-adminparafiibesko","post-9754","post","type-post","status-publish","format-standard","category-intencje-mszalne"],"_links":{"self":[{"href":"https:\/\/parafiabesko.pl\/index.php?rest_route=\/wp\/v2\/posts\/9754","targetHints":{"allow":["GET"]}}],"collection":[{"href":"https:\/\/parafiabesko.pl\/index.php?rest_route=\/wp\/v2\/posts"}],"about":[{"href":"https:\/\/parafiabesko.pl\/index.php?rest_route=\/wp\/v2\/types\/post"}],"author":[{"embeddable":true,"href":"https:\/\/parafiabesko.pl\/index.php?rest_route=\/wp\/v2\/users\/1"}],"replies":[{"embeddable":true,"href":"https:\/\/parafiabesko.pl\/index.php?rest_route=%2Fwp%2Fv2%2Fcomments&post=9754"}],"version-history":[{"count":0,"href":"https:\/\/parafiabesko.pl\/index.php?rest_route=\/wp\/v2\/posts\/9754\/revisions"}],"wp:attachment":[{"href":"https:\/\/parafiabesko.pl\/index.php?rest_route=%2Fwp%2Fv2%2Fmedia&parent=9754"}],"wp:term":[{"taxonomy":"category","embeddable":true,"href":"https:\/\/parafiabesko.pl\/index.php?rest_route=%2Fwp%2Fv2%2Fcategories&post=9754"},{"taxonomy":"post_tag","embeddable":true,"href":"https:\/\/parafiabesko.pl\/index.php?rest_route=%2Fwp%2Fv2%2Ftags&post=9754"}],"curies":[{"name":"wp","href":"https:\/\/api.w.org\/{rel}","templated":true}]}}