{"id":9752,"date":"2022-06-18T18:33:24","date_gmt":"2022-06-18T18:33:24","guid":{"rendered":"http:\/\/parafiabesko.pl\/?p=9752"},"modified":"2022-06-18T18:33:24","modified_gmt":"2022-06-18T18:33:24","slug":"ogloszenia-parafialne-12-niedziela-zwykla-19-06-2022r","status":"publish","type":"post","link":"https:\/\/parafiabesko.pl\/?p=9752","title":{"rendered":"Og\u0142oszenia parafialne 12 Niedziela zwyk\u0142a 19.06.2022r."},"content":{"rendered":"<p>Trwa oktawa Bo\u017cego Cia\u0142a. Procesje eucharystyczne w oktawie Bo\u017cego Cia\u0142a w Besku b\u0119d\u0105 odprawiane w dni powszednie po Mszy \u015bwi\u0119tej wieczorowej, a niedziel\u0119 po sumie.<\/p>\n<p>W wtorek od godz. 16.00 spowied\u017a dzieci m\u0142odzie\u017cy na zako\u0144czenie roku szkolnego i katechetycznego.<\/p>\n<p>W czwartek Uroczysto\u015b\u0107 Narodzenia \u015bw. Jana Chrzciciela. <strong>W czwartek zako\u0144czenie oktawy Bo\u017cego Cia\u0142a <\/strong>w Besku po\u015bwi\u0119cenie wiank\u00f3w i b\u0142ogos\u0142awie\u0144stwo dzieci na Mszy \u015bwi\u0119tej o godz. 18.00.<\/p>\n<p>W ko\u015bcio\u0142ach filialnych Msza \u015bw. po\u015bwi\u0119cenie wiank\u00f3w i b\u0142ogos\u0142awie\u0144stwo dzieci w Por\u0119bach i Mymoniu o godz. 16.00.<\/p>\n<p>W pi\u0105tek w Besku o godz. 8.00 Msza \u015bw. na zako\u0144czenie roku szkolnego i katechetycznego. Zapraszamy rodzic\u00f3w, nauczycieli, wychowawc\u00f3w na wsp\u00f3ln\u0105 modlitw\u0119.<\/p>\n<p>W pi\u0105tek<strong> Uroczysto\u015b\u0107 Naj\u015bwi\u0119tszego Serca Pana Jezusa<\/strong> nie obowi\u0105zuje wstrzemi\u0119\u017aliwo\u015b\u0107 od pokarm\u00f3w mi\u0119snych.<strong> Odpust w ko\u015bciele filialnym w Por\u0119bach o godz. 12.00.<\/strong><\/p>\n<p>W sobot\u0119 <strong>Wspomnienie Niepokalanego Serca NMP.<\/strong> Odpust w Milczy suma o godz. 10.30.<\/p>\n<p>W sobot\u0119 od godz. 17.00 spowied\u017a przed odpustem parafialnym.<\/p>\n<p>Dzi\u0119kujemy wyznaczonym Parafianom za przygotowanie o\u0142tarzy na Bo\u017ce Cia\u0142o, a ponadto orkiestrze OSP z Beska, panu organi\u015bcie, panu ko\u015bcielnemu, siostrom zakonnym, Parafiankom w strojach ludowych, lektorom, ministrantom, dzieciom sypi\u0105cym kwiaty, dzieciom pierwszokomunijnym i wszystkim, kt\u00f3rzy w jakikolwiek spos\u00f3b przyczynili si\u0119 do u\u015bwietnienia Uroczysto\u015bci Bo\u017cego Cia\u0142a. B\u00f3g zap\u0142a\u0107!<\/p>\n","protected":false},"excerpt":{"rendered":"<p>Trwa oktawa Bo\u017cego Cia\u0142a. Procesje eucharystyczne w oktawie Bo\u017cego Cia\u0142a w Besku b\u0119d\u0105 odprawiane w dni powszednie po Mszy \u015bwi\u0119tej wieczorowej, a niedziel\u0119 po sumie. W wtorek od godz. 16.00 spowied\u017a dzieci m\u0142odzie\u017cy na zako\u0144czenie roku szkolnego i katechetycznego. W czwartek Uroczysto\u015b\u0107 Narodzenia \u015bw. Jana Chrzciciela. W czwartek zako\u0144czenie oktawy<span class=\"more-link\"><a href=\"https:\/\/parafiabesko.pl\/?p=9752\">Czytaj wi\u0119cej<\/a><\/span><\/p>\n","protected":false},"author":1,"featured_media":0,"comment_status":"closed","ping_status":"open","sticky":false,"template":"","format":"standard","meta":{"footnotes":""},"categories":[7],"tags":[],"class_list":["entry","author-adminparafiibesko","post-9752","post","type-post","status-publish","format-standard","category-ogloszenia-parafialne"],"_links":{"self":[{"href":"https:\/\/parafiabesko.pl\/index.php?rest_route=\/wp\/v2\/posts\/9752","targetHints":{"allow":["GET"]}}],"collection":[{"href":"https:\/\/parafiabesko.pl\/index.php?rest_route=\/wp\/v2\/posts"}],"about":[{"href":"https:\/\/parafiabesko.pl\/index.php?rest_route=\/wp\/v2\/types\/post"}],"author":[{"embeddable":true,"href":"https:\/\/parafiabesko.pl\/index.php?rest_route=\/wp\/v2\/users\/1"}],"replies":[{"embeddable":true,"href":"https:\/\/parafiabesko.pl\/index.php?rest_route=%2Fwp%2Fv2%2Fcomments&post=9752"}],"version-history":[{"count":0,"href":"https:\/\/parafiabesko.pl\/index.php?rest_route=\/wp\/v2\/posts\/9752\/revisions"}],"wp:attachment":[{"href":"https:\/\/parafiabesko.pl\/index.php?rest_route=%2Fwp%2Fv2%2Fmedia&parent=9752"}],"wp:term":[{"taxonomy":"category","embeddable":true,"href":"https:\/\/parafiabesko.pl\/index.php?rest_route=%2Fwp%2Fv2%2Fcategories&post=9752"},{"taxonomy":"post_tag","embeddable":true,"href":"https:\/\/parafiabesko.pl\/index.php?rest_route=%2Fwp%2Fv2%2Ftags&post=9752"}],"curies":[{"name":"wp","href":"https:\/\/api.w.org\/{rel}","templated":true}]}}