{"id":9750,"date":"2022-06-18T18:29:16","date_gmt":"2022-06-18T18:29:16","guid":{"rendered":"http:\/\/parafiabesko.pl\/?p=9750"},"modified":"2022-06-18T18:29:16","modified_gmt":"2022-06-18T18:29:16","slug":"intencje-mszalne-20-26-06-2022r","status":"publish","type":"post","link":"https:\/\/parafiabesko.pl\/?p=9750","title":{"rendered":"Intencje mszalne 20-26.06.2022r."},"content":{"rendered":"<table width=\"673\">\n<tbody>\n<tr>\n<td rowspan=\"2\" width=\"141\"><strong>Poniedzia\u0142ek<\/strong><\/p>\n<p>20.06.2022r.<\/td>\n<td width=\"65\">7.00<\/td>\n<td width=\"467\">+Stanis\u0142aw, Stanis\u0142aw\u0119, Zbigniew i zm. z rodziny<\/td>\n<\/tr>\n<tr>\n<td width=\"65\">18.00<\/td>\n<td width=\"467\">1. +Tomasz S\u0105siadek \/17 r. \u015bm.\/ of tato<\/p>\n<p>2. +Jan Ja\u015blar i zm. z rodziny<\/td>\n<\/tr>\n<tr>\n<td rowspan=\"2\" width=\"141\"><strong>Wtorek<\/strong><\/p>\n<p>21.06.2022r.<\/td>\n<td width=\"65\">7.00<\/td>\n<td width=\"467\">+Stanis\u0142aw\u0119 Suwa\u0142a<\/td>\n<\/tr>\n<tr>\n<td width=\"65\">18.00<\/td>\n<td width=\"467\">1. +Alojzy, Eugenia, Zofia, Piotr<\/p>\n<p>2. +W\u0142adys\u0142aw Prajzner<\/td>\n<\/tr>\n<tr>\n<td rowspan=\"2\" width=\"141\"><strong>\u015aroda<\/strong><\/p>\n<p>22.06.2022r.<\/td>\n<td width=\"65\">7.00<\/td>\n<td width=\"467\">+Maria Mermer \/16 r. \u015bm.\/<\/td>\n<\/tr>\n<tr>\n<td width=\"65\">18.00<\/td>\n<td width=\"467\">1. +Maria, Boles\u0142aw Folcik<\/p>\n<p>2. -W 18 r. ur. Darii z pro\u015bb\u0105 o opiek\u0119 Bo\u017c\u0105 w doros\u0142ym \u017cyciu<\/td>\n<\/tr>\n<tr>\n<td rowspan=\"2\" width=\"141\"><strong>Czwartek<\/strong><\/p>\n<p>23.06.2022r.<\/td>\n<td width=\"65\">7.00<\/td>\n<td width=\"467\">+J\u00f3zef Mermer \/24 r. \u015bm.\/ of. syn z rodzin\u0105<\/td>\n<\/tr>\n<tr>\n<td width=\"65\">18.00<\/td>\n<td width=\"467\">W 18 r. ur. Mateusza z pro\u015bb\u0105 o opiek\u0119 Bo\u017c\u0105 w doros\u0142ym \u017cyciu<\/td>\n<\/tr>\n<tr>\n<td rowspan=\"2\" width=\"141\"><strong>Pi\u0105tek<\/strong><\/p>\n<p>24.06.2022r.<\/td>\n<td width=\"65\">7.00<\/p>\n<p><strong>8.00<\/strong><\/td>\n<td width=\"467\">+Jan, Kazimier\u0119 Szul<\/p>\n<p><strong>Msza \u015bw. na\u00a0 zako\u0144czenie roku szkolnego i katechetycznego<\/strong><\/td>\n<\/tr>\n<tr>\n<td width=\"65\">18.00<\/td>\n<td width=\"467\">1. +Waldemar \/25 r. \u015bm\/<\/p>\n<p>2. +Janina Antoni Kwiatkowscy<\/td>\n<\/tr>\n<tr>\n<td rowspan=\"2\" width=\"141\"><strong>Sobota<\/strong><\/p>\n<p>25.06.2022r.<\/td>\n<td width=\"65\">7.00<\/td>\n<td width=\"467\">+Maria Szcz\u0119sna \/15 r. \u015bm.\/<\/td>\n<\/tr>\n<tr>\n<td width=\"65\">18.00<\/td>\n<td width=\"467\">+Janin\u0119, Antoni<\/td>\n<\/tr>\n<tr>\n<td rowspan=\"4\" width=\"141\"><strong>Niedziela<\/strong><\/p>\n<p>26.06.2022r.<\/td>\n<td width=\"65\">7.30<\/td>\n<td width=\"467\">+Stanis\u0142aw, Krystyna Mroczkowscy<\/td>\n<\/tr>\n<tr>\n<td width=\"65\">9.15<\/td>\n<td width=\"467\">+W\u0142adys\u0142aw Fie\u0144 of. c\u00f3rka Kazimiera z rodzin\u0105<\/td>\n<\/tr>\n<tr>\n<td width=\"65\">11.00<\/td>\n<td width=\"467\">Za Parafian<\/td>\n<\/tr>\n<tr>\n<td width=\"65\">16.30<\/td>\n<td width=\"467\">+J\u00f3zef\u0119 Gac \/30 r. \u015bm.\/<\/td>\n<\/tr>\n<\/tbody>\n<\/table>\n","protected":false},"excerpt":{"rendered":"<p>Poniedzia\u0142ek 20.06.2022r. 7.00 +Stanis\u0142aw, Stanis\u0142aw\u0119, Zbigniew i zm. z rodziny 18.00 1. +Tomasz S\u0105siadek \/17 r. \u015bm.\/ of tato 2. +Jan Ja\u015blar i zm. z rodziny Wtorek 21.06.2022r. 7.00 +Stanis\u0142aw\u0119 Suwa\u0142a 18.00 1. +Alojzy, Eugenia, Zofia, Piotr 2. +W\u0142adys\u0142aw Prajzner \u015aroda 22.06.2022r. 7.00 +Maria Mermer \/16 r. \u015bm.\/ 18.00 1.<span class=\"more-link\"><a href=\"https:\/\/parafiabesko.pl\/?p=9750\">Czytaj wi\u0119cej<\/a><\/span><\/p>\n","protected":false},"author":1,"featured_media":0,"comment_status":"closed","ping_status":"open","sticky":false,"template":"","format":"standard","meta":{"footnotes":""},"categories":[4],"tags":[],"class_list":["entry","author-adminparafiibesko","post-9750","post","type-post","status-publish","format-standard","category-intencje-mszalne"],"_links":{"self":[{"href":"https:\/\/parafiabesko.pl\/index.php?rest_route=\/wp\/v2\/posts\/9750","targetHints":{"allow":["GET"]}}],"collection":[{"href":"https:\/\/parafiabesko.pl\/index.php?rest_route=\/wp\/v2\/posts"}],"about":[{"href":"https:\/\/parafiabesko.pl\/index.php?rest_route=\/wp\/v2\/types\/post"}],"author":[{"embeddable":true,"href":"https:\/\/parafiabesko.pl\/index.php?rest_route=\/wp\/v2\/users\/1"}],"replies":[{"embeddable":true,"href":"https:\/\/parafiabesko.pl\/index.php?rest_route=%2Fwp%2Fv2%2Fcomments&post=9750"}],"version-history":[{"count":0,"href":"https:\/\/parafiabesko.pl\/index.php?rest_route=\/wp\/v2\/posts\/9750\/revisions"}],"wp:attachment":[{"href":"https:\/\/parafiabesko.pl\/index.php?rest_route=%2Fwp%2Fv2%2Fmedia&parent=9750"}],"wp:term":[{"taxonomy":"category","embeddable":true,"href":"https:\/\/parafiabesko.pl\/index.php?rest_route=%2Fwp%2Fv2%2Fcategories&post=9750"},{"taxonomy":"post_tag","embeddable":true,"href":"https:\/\/parafiabesko.pl\/index.php?rest_route=%2Fwp%2Fv2%2Ftags&post=9750"}],"curies":[{"name":"wp","href":"https:\/\/api.w.org\/{rel}","templated":true}]}}