{"id":9746,"date":"2022-06-12T17:49:51","date_gmt":"2022-06-12T17:49:51","guid":{"rendered":"http:\/\/parafiabesko.pl\/?p=9746"},"modified":"2022-06-12T17:49:51","modified_gmt":"2022-06-12T17:49:51","slug":"ogloszenia-parafialne-uroczystosc-trojcy-swietej-12-06-2022r","status":"publish","type":"post","link":"https:\/\/parafiabesko.pl\/?p=9746","title":{"rendered":"Og\u0142oszenia parafialne Uroczysto\u015b\u0107 Tr\u00f3jcy \u015bwi\u0119tej 12.06.2022r."},"content":{"rendered":"<p>Dzisiaj w Uroczysto\u015b\u0107 Naj\u015bwi\u0119tszej Tr\u00f3jcy ko\u0144czy si\u0119 okres komunii \u015bw. wielkanocnej.<\/p>\n<p>Jeszcze zosta\u0142o kilka miejsc na koncert uwielbieniowy pt: <strong>\u201eJednego Serca Jednego Ducha\u201d.<\/strong> Serdecznie zach\u0119camy to zapisywania si\u0119. Wyjazd jest w czwartek o godz. 15.30 z parkingu ko\u015bcielnego. Planowany powr\u00f3t oko\u0142o godziny 24.00.<\/p>\n<p>Pr\u00f3ba sypania kwiat\u00f3w dla dziewczynek przed Uroczysto\u015bci\u0105 Bo\u017cego Cia\u0142a b\u0119dzie we wtorek o godz. 17.30 ko\u0142o ko\u015bcio\u0142a.<\/p>\n<p>Nabo\u017ce\u0144stwo czerwcowe do NSPJ codziennie po Mszy \u015bw. wieczorowej.<\/p>\n<p>W czwartek <strong>Uroczysto\u015b\u0107 Naj\u015bwi\u0119tszego Cia\u0142a i Krwi Chrystusa \u2013 Bo\u017ce Cia\u0142o.<\/strong> Porz\u0105dek Mszy \u015bw. w Besku: rano 7.30, uroczysta suma o godzinie 10.00 i procesja eucharystyczna do 4 o\u0142tarzy.<\/p>\n<p><strong>Trasa procesji eucharystycznej: <\/strong><\/p>\n<ol>\n<li><strong> o\u0142tarz \u2013 rodzina p. Krzemi\u0144skich i s\u0105siedzi<\/strong><\/li>\n<li><strong> o\u0142tarz \u2013 rodzina p. Stapi\u0144skich i s\u0105siedzi<\/strong><\/li>\n<li><strong> o\u0142tarz \u2013 rodzina p. Ba\u0142aban i s\u0105siedzi<\/strong><\/li>\n<li><strong> o\u0142tarz \u2013 siostry Felicjanki<\/strong><\/li>\n<\/ol>\n<p>Prosimy, aby do udekorowania o\u0142tarzy w\u0142\u0105czyli si\u0119 wszyscy s\u0105siedzi. \u015apiew na procesji prowadzi orkiestra OSP Besko na przemian z panem organist\u0105. Na procesj\u0119 bierzemy \u2013 krzy\u017c, ber\u0142o, chor\u0105gwie, feretron, baldachim, do obraz\u00f3w \u2013 prosimy Parafianki w strojach ludowych. Po modlitwie przy 4 o\u0142tarzu od\u015bpiewamy dzi\u0119kczynne \u2013 \u201eCiebie Boga wys\u0142awiamy\u2026\u201d b\u0142ogos\u0142awie\u0144stwo Naj\u015bwi\u0119tszym Sakramentem i powr\u00f3t do ko\u015bcio\u0142a, gdzie hymnem \u2013 \u201eBo\u017ce co\u015b Polsk\u0119\u2026\u201d zako\u0144czymy procesj\u0119 eucharystyczn\u0105. Na procesj\u0119 zapraszamy dzieci klasy trzeciej w strojach pierwszokomunijnych oraz ma\u0142e dzieci do sypania kwiat\u00f3w.<\/p>\n<p>Po po\u0142udniu o godzinie 16.00 procesja eucharystyczna wok\u00f3\u0142 ko\u015bcio\u0142a i Msza \u015bwi\u0119ta<\/p>\n<p><strong>W ko\u015bcio\u0142ach filialnych w Mymoniu i Por\u0119bach o godzinie 9.00 Msza \u015bwi\u0119ta i procesja eucharystyczna wok\u00f3\u0142 ko\u015bcio\u0142a. <\/strong><\/p>\n<p>Procesje eucharystyczne w oktawie Bo\u017cego Cia\u0142a b\u0119d\u0105 odprawiane w dni powszednie po Mszy \u015bwi\u0119tej wieczorowej, a niedziel\u0119 po sumie. W ko\u015bcio\u0142ach filialnych w niedziel\u0119 po Mszy \u015bw.<\/p>\n<p>W pi\u0105tek po Bo\u017cym Ciele nie obowi\u0105zuje wstrzemi\u0119\u017aliwo\u015b\u0107 od pokarm\u00f3w mi\u0119snych. Dyspensy udzieli\u0142 ks. Abp Adam Szal.<\/p>\n<p>W tym tygodniu b\u0119dzie sk\u0142adka po domach prace przy naszym ko\u015bciele.<\/p>\n","protected":false},"excerpt":{"rendered":"<p>Dzisiaj w Uroczysto\u015b\u0107 Naj\u015bwi\u0119tszej Tr\u00f3jcy ko\u0144czy si\u0119 okres komunii \u015bw. wielkanocnej. Jeszcze zosta\u0142o kilka miejsc na koncert uwielbieniowy pt: \u201eJednego Serca Jednego Ducha\u201d. Serdecznie zach\u0119camy to zapisywania si\u0119. Wyjazd jest w czwartek o godz. 15.30 z parkingu ko\u015bcielnego. Planowany powr\u00f3t oko\u0142o godziny 24.00. Pr\u00f3ba sypania kwiat\u00f3w dla dziewczynek przed Uroczysto\u015bci\u0105<span class=\"more-link\"><a href=\"https:\/\/parafiabesko.pl\/?p=9746\">Czytaj wi\u0119cej<\/a><\/span><\/p>\n","protected":false},"author":1,"featured_media":0,"comment_status":"closed","ping_status":"open","sticky":false,"template":"","format":"standard","meta":{"footnotes":""},"categories":[7],"tags":[],"class_list":["entry","author-adminparafiibesko","post-9746","post","type-post","status-publish","format-standard","category-ogloszenia-parafialne"],"_links":{"self":[{"href":"https:\/\/parafiabesko.pl\/index.php?rest_route=\/wp\/v2\/posts\/9746","targetHints":{"allow":["GET"]}}],"collection":[{"href":"https:\/\/parafiabesko.pl\/index.php?rest_route=\/wp\/v2\/posts"}],"about":[{"href":"https:\/\/parafiabesko.pl\/index.php?rest_route=\/wp\/v2\/types\/post"}],"author":[{"embeddable":true,"href":"https:\/\/parafiabesko.pl\/index.php?rest_route=\/wp\/v2\/users\/1"}],"replies":[{"embeddable":true,"href":"https:\/\/parafiabesko.pl\/index.php?rest_route=%2Fwp%2Fv2%2Fcomments&post=9746"}],"version-history":[{"count":0,"href":"https:\/\/parafiabesko.pl\/index.php?rest_route=\/wp\/v2\/posts\/9746\/revisions"}],"wp:attachment":[{"href":"https:\/\/parafiabesko.pl\/index.php?rest_route=%2Fwp%2Fv2%2Fmedia&parent=9746"}],"wp:term":[{"taxonomy":"category","embeddable":true,"href":"https:\/\/parafiabesko.pl\/index.php?rest_route=%2Fwp%2Fv2%2Fcategories&post=9746"},{"taxonomy":"post_tag","embeddable":true,"href":"https:\/\/parafiabesko.pl\/index.php?rest_route=%2Fwp%2Fv2%2Ftags&post=9746"}],"curies":[{"name":"wp","href":"https:\/\/api.w.org\/{rel}","templated":true}]}}