{"id":9744,"date":"2022-06-12T17:44:49","date_gmt":"2022-06-12T17:44:49","guid":{"rendered":"http:\/\/parafiabesko.pl\/?p=9744"},"modified":"2022-06-12T17:44:49","modified_gmt":"2022-06-12T17:44:49","slug":"intencje-mszalne-13-19-06-2022r","status":"publish","type":"post","link":"https:\/\/parafiabesko.pl\/?p=9744","title":{"rendered":"Intencje mszalne 13-19.06.2022r."},"content":{"rendered":"<table width=\"101%\">\n<tbody>\n<tr>\n<td rowspan=\"2\" width=\"32%\"><strong>Poniedzia\u0142ek <\/strong><\/p>\n<p>13.06.2022r.<\/p>\n<p>&nbsp;<\/td>\n<td width=\"11%\">7.00<\/p>\n<p>&nbsp;<\/td>\n<td width=\"55%\">+W\u0142adys\u0142aw Emilia Stapi\u0144scy<\/td>\n<\/tr>\n<tr>\n<td width=\"11%\">\u00a0 \u00a0\u00a018.00<\/td>\n<td width=\"55%\">1. \u2013 O zdrowie dla si\u00f3str i ich rodzin z r\u00f3\u017cy siostry Faustyny<\/p>\n<p>2. +Maria, Adam, Helena Kornasiewicz i zm. z rodziny<\/td>\n<\/tr>\n<tr>\n<td rowspan=\"2\" width=\"32%\"><strong>Wtorek <\/strong><\/p>\n<p>14.06.2022r.<\/p>\n<p><strong>\u00a0<\/strong><\/td>\n<td width=\"11%\">7.00<\/td>\n<td width=\"55%\">+Stanis\u0142aw, Bronis\u0142awa Ku\u0142ak<\/td>\n<\/tr>\n<tr>\n<td width=\"11%\">18.00<\/td>\n<td width=\"55%\">1. +Teodozja, Mieczys\u0142aw Florian of. syn z \u017con\u0105<\/p>\n<p>2. +Czes\u0142aw Przybylski of. rodz. Mermer<\/td>\n<\/tr>\n<tr>\n<td rowspan=\"2\" width=\"32%\"><strong>\u015aroda <\/strong><\/p>\n<p>15.06.2022r.<\/p>\n<p>&nbsp;<\/td>\n<td width=\"11%\">7.00<\/td>\n<td width=\"55%\">+Maria, Maciej<\/td>\n<\/tr>\n<tr>\n<td width=\"11%\">18.00<\/td>\n<td width=\"55%\">1. +J\u00f3zef Szul \/1 r. \u015bm.\/<\/p>\n<p>2. +Zdzis\u0142aw Ziemia\u0144ski \/10 r. \u015bm.\/<\/td>\n<\/tr>\n<tr>\n<td rowspan=\"2\" width=\"32%\"><strong>Czwartek<\/strong><\/p>\n<p><strong>Bo\u017ce Cia\u0142o <\/strong><\/p>\n<p>16.06.2022r.<\/p>\n<p>&nbsp;<\/td>\n<td width=\"11%\">7.30<\/p>\n<p>10.00<\/td>\n<td width=\"55%\">+Boles\u0142aw Borkowski<\/p>\n<p><strong>Za Parafian<\/strong><\/td>\n<\/tr>\n<tr>\n<td width=\"11%\">16.00<\/td>\n<td width=\"55%\">+Teofil Czy\u017c<\/td>\n<\/tr>\n<tr>\n<td rowspan=\"2\" width=\"32%\"><strong>Pi\u0105tek<\/strong><\/p>\n<p>17.06.2022r.<\/p>\n<p>&nbsp;<\/td>\n<td width=\"11%\">7.00<\/td>\n<td width=\"55%\">+Maria<\/td>\n<\/tr>\n<tr>\n<td width=\"11%\">18.00<\/td>\n<td width=\"55%\">1. +Kazimier\u0119, Franciszek i Jan Kijanka<\/p>\n<p>2. +Marek Fedio i zm. z rodziny \/poza Parafi\u0105\/<\/td>\n<\/tr>\n<tr>\n<td rowspan=\"2\" width=\"32%\"><strong>Sobota <\/strong><\/p>\n<p>18.06.2022r.<\/p>\n<p>&nbsp;<\/td>\n<td width=\"11%\">7.00<\/td>\n<td width=\"55%\">+Maria, Kazimierz Kornasiewicz<\/td>\n<\/tr>\n<tr>\n<td width=\"11%\">18.00<\/td>\n<td width=\"55%\">+Stanis\u0142aw Kasperkowicz \/17 r. \u015bm.\/ i Micha\u0142<\/td>\n<\/tr>\n<tr>\n<td rowspan=\"4\" width=\"32%\"><strong>12 Niedziela zwyk\u0142a<\/strong><\/p>\n<p>19.06.2022r.<\/p>\n<p><strong>\u00a0<\/strong><\/p>\n<p>&nbsp;<\/td>\n<td width=\"11%\">7.30<\/td>\n<td width=\"55%\">+Maria, Anatol \/45 r. \u015bm.\/Ciupka<\/td>\n<\/tr>\n<tr>\n<td width=\"11%\">9.15<\/td>\n<td width=\"55%\">+Maria \/5 r. \u015bm.\/ i W\u0142adys\u0142aw Kolanko<\/td>\n<\/tr>\n<tr>\n<td width=\"11%\">11.00<\/td>\n<td width=\"55%\"><strong>Za Parafian<\/strong><\/td>\n<\/tr>\n<tr>\n<td width=\"11%\">16.30<\/td>\n<td width=\"55%\">+Maria Nycz \/1 r. \u015bm.\/ i Boles\u0142aw<\/td>\n<\/tr>\n<\/tbody>\n<\/table>\n","protected":false},"excerpt":{"rendered":"<p>Poniedzia\u0142ek 13.06.2022r. &nbsp; 7.00 &nbsp; +W\u0142adys\u0142aw Emilia Stapi\u0144scy \u00a0 \u00a0\u00a018.00 1. \u2013 O zdrowie dla si\u00f3str i ich rodzin z r\u00f3\u017cy siostry Faustyny 2. +Maria, Adam, Helena Kornasiewicz i zm. z rodziny Wtorek 14.06.2022r. \u00a0 7.00 +Stanis\u0142aw, Bronis\u0142awa Ku\u0142ak 18.00 1. +Teodozja, Mieczys\u0142aw Florian of. syn z \u017con\u0105 2. +Czes\u0142aw<span class=\"more-link\"><a href=\"https:\/\/parafiabesko.pl\/?p=9744\">Czytaj wi\u0119cej<\/a><\/span><\/p>\n","protected":false},"author":1,"featured_media":0,"comment_status":"closed","ping_status":"open","sticky":false,"template":"","format":"standard","meta":{"footnotes":""},"categories":[4],"tags":[],"class_list":["entry","author-adminparafiibesko","post-9744","post","type-post","status-publish","format-standard","category-intencje-mszalne"],"_links":{"self":[{"href":"https:\/\/parafiabesko.pl\/index.php?rest_route=\/wp\/v2\/posts\/9744","targetHints":{"allow":["GET"]}}],"collection":[{"href":"https:\/\/parafiabesko.pl\/index.php?rest_route=\/wp\/v2\/posts"}],"about":[{"href":"https:\/\/parafiabesko.pl\/index.php?rest_route=\/wp\/v2\/types\/post"}],"author":[{"embeddable":true,"href":"https:\/\/parafiabesko.pl\/index.php?rest_route=\/wp\/v2\/users\/1"}],"replies":[{"embeddable":true,"href":"https:\/\/parafiabesko.pl\/index.php?rest_route=%2Fwp%2Fv2%2Fcomments&post=9744"}],"version-history":[{"count":0,"href":"https:\/\/parafiabesko.pl\/index.php?rest_route=\/wp\/v2\/posts\/9744\/revisions"}],"wp:attachment":[{"href":"https:\/\/parafiabesko.pl\/index.php?rest_route=%2Fwp%2Fv2%2Fmedia&parent=9744"}],"wp:term":[{"taxonomy":"category","embeddable":true,"href":"https:\/\/parafiabesko.pl\/index.php?rest_route=%2Fwp%2Fv2%2Fcategories&post=9744"},{"taxonomy":"post_tag","embeddable":true,"href":"https:\/\/parafiabesko.pl\/index.php?rest_route=%2Fwp%2Fv2%2Ftags&post=9744"}],"curies":[{"name":"wp","href":"https:\/\/api.w.org\/{rel}","templated":true}]}}