{"id":9742,"date":"2022-06-05T16:17:57","date_gmt":"2022-06-05T16:17:57","guid":{"rendered":"http:\/\/parafiabesko.pl\/?p=9742"},"modified":"2022-06-05T16:17:57","modified_gmt":"2022-06-05T16:17:57","slug":"ogloszenia-zeslanie-ducha-swietego-5-06-2022r","status":"publish","type":"post","link":"https:\/\/parafiabesko.pl\/?p=9742","title":{"rendered":"Og\u0142oszenia Zes\u0142anie Ducha \u015bwi\u0119tego 5.06.2022r."},"content":{"rendered":"<p>Dzisiaj mo\u017cemy zyska\u0107 odpust zupe\u0142ny pod zwyk\u0142ymi warunkami za pobo\u017cne odm\u00f3wienie: \u201eO Stworzycielu Duchu przyjd\u017a\u2026<\/p>\n<p><u>Taca z dzisiejszej niedzieli przeznaczona jest na Wy\u017csze Seminarium Duchowne w Przemy\u015blu.<\/u><\/p>\n<p>Od wczoraj w naszej Parafii trwa Eucharystyczne Nabo\u017ce\u0144stwo 40-godzinne, a oto program:<\/p>\n<p><strong>NIEDZIELA<\/strong><\/p>\n<p><strong>Niedziela 5.06.2022 r. Zes\u0142anie Ducha \u015bwi\u0119tego \u2013 Zielone \u015awi\u0105tki<\/strong><\/p>\n<p>Godz.\u00a0 7.30\u00a0 Msza \u015bw. i adoracja<\/p>\n<p>Godz.\u00a0 9.15\u00a0 Msza \u015bw. i adoracja<\/p>\n<p>Godz. 11.00 Msza \u015bw. i adoracja<\/p>\n<p>Godz. 16.00\u00a0 Nabo\u017ce\u0144stwo czerwcowe do NSPJ, zmiana tajemnic i\u00a0 Msza \u015bw.<\/p>\n<p><strong>Poniedzia\u0142ek 6.06.2022 r. \u015awi\u0119to NMP Matki Ko\u015bcio\u0142a<\/strong><\/p>\n<p>Godz.\u00a0\u00a0 7.30\u00a0 Msza \u015bw. z kazaniem i adoracja<\/p>\n<p>Godz. 11.00\u00a0 Msza \u015bw. z kazaniem i adoracja<\/p>\n<p>Godz. 18.00\u00a0 Nabo\u017ce\u0144stwo czerwcowe do NSPJ, Te Deum, i Msza \u015bw. i na zako\u0144czenie nabo\u017ce\u0144stwa eucharystycznego.<\/p>\n<p><strong><u>PORZ\u0104DEK ADORACJI<\/u><\/strong><\/p>\n<p><strong>Eucharystyczne Nabo\u017ce\u0144stwo 40 \u2013 godzinne<\/strong><\/p>\n<p><strong>NIEDZIELA<\/strong><\/p>\n<p>godz. \u00a0\u00a07.30 &#8211; 11.00 &#8211; rodziny z dzielnic: <strong>Sucha Wie\u015b, POM, Pekum<\/strong><\/p>\n<p>godz. 11.00 &#8211; 16.00 &#8211; rodziny z dzielnic: <strong>Ogrody, G\u00f3ry, Podg\u00f3ry, Mymo\u0144<\/strong><\/p>\n<p><strong>PONIEDZIA\u0141EK<\/strong><\/p>\n<p>godz.\u00a0\u00a0 7.30 &#8211; 14.00 &#8211; rodziny z dzielnic: <strong>Wola, Porzecze<\/strong><\/p>\n<p>godz. 14.00 &#8211; 18.00 &#8211; rodziny z dzielnic:<strong> Wie\u015b, dzielnica od tor\u00f3w w stron\u0119 Por\u0119b i Por\u0119by<\/strong><\/p>\n<p><strong>Drodzy Parafianie !<\/strong><\/p>\n<p>Niech ten \u015bwi\u0119ty czas, kiedy wielbimy Pana Jezusa w Naj\u015bwi\u0119tszym Sakramencie i rozwa\u017camy Dar jaki zostawi\u0142 nam B\u00f3g\u00a0 b\u0119dzie dla ka\u017cdej rodziny naszej Parafii okazj\u0105 do modlitwy i \u015bwiadectwa naszej mi\u0142o\u015bci do JEZUSA EUCHARYSTYCZNEGO przez liczny udzia\u0142 w nabo\u017ce\u0144stwach i adoracji. \u00a0Szcz\u0119\u015b\u0107 Bo\u017ce !<\/p>\n<p>Program nabo\u017ce\u0144stwa i adoracji wywieszony jest na tablicy og\u0142osze\u0144 i na stronie internetowej Parafii prosimy si\u0119 z nim zapozna\u0107.<\/p>\n<p>Nabo\u017ce\u0144stwo czerwcowe do NSPJ w dni powszednie po Mszy \u015bw. wieczorowej.<\/p>\n<p>We czwartek <strong>\u015bwi\u0119to Jezusa Chrystusa Najwy\u017cszego Kap\u0142ana<\/strong>, modlimy si\u0119 za kap\u0142an\u00f3w i o nowe powo\u0142ania do \u017cycia kap\u0142a\u0144skiego.<\/p>\n<p>W najbli\u017csz\u0105 niedziel\u0119 <strong>\u2013 Uroczysto\u015b\u0107 Tr\u00f3jcy Przenaj\u015bwi\u0119tszej<\/strong>. Ko\u0144czy si\u0119 okres Komunii \u015bw. wielkanocnej.<\/p>\n<p>Dzi\u0119kujemy muzykom za to, \u017ce tak jak w ubieg\u0142ym roku we wszystkie niedziele miesi\u0105ca maja na p\u00f3\u0142 godziny przed nabo\u017ce\u0144stwem majowym zagrali koncert pie\u015bni maryjnych. B\u00f3g zap\u0142a\u0107!<\/p>\n","protected":false},"excerpt":{"rendered":"<p>Dzisiaj mo\u017cemy zyska\u0107 odpust zupe\u0142ny pod zwyk\u0142ymi warunkami za pobo\u017cne odm\u00f3wienie: \u201eO Stworzycielu Duchu przyjd\u017a\u2026 Taca z dzisiejszej niedzieli przeznaczona jest na Wy\u017csze Seminarium Duchowne w Przemy\u015blu. Od wczoraj w naszej Parafii trwa Eucharystyczne Nabo\u017ce\u0144stwo 40-godzinne, a oto program: NIEDZIELA Niedziela 5.06.2022 r. Zes\u0142anie Ducha \u015bwi\u0119tego \u2013 Zielone \u015awi\u0105tki Godz.\u00a0<span class=\"more-link\"><a href=\"https:\/\/parafiabesko.pl\/?p=9742\">Czytaj wi\u0119cej<\/a><\/span><\/p>\n","protected":false},"author":1,"featured_media":0,"comment_status":"closed","ping_status":"open","sticky":false,"template":"","format":"standard","meta":{"footnotes":""},"categories":[7],"tags":[],"class_list":["entry","author-adminparafiibesko","post-9742","post","type-post","status-publish","format-standard","category-ogloszenia-parafialne"],"_links":{"self":[{"href":"https:\/\/parafiabesko.pl\/index.php?rest_route=\/wp\/v2\/posts\/9742","targetHints":{"allow":["GET"]}}],"collection":[{"href":"https:\/\/parafiabesko.pl\/index.php?rest_route=\/wp\/v2\/posts"}],"about":[{"href":"https:\/\/parafiabesko.pl\/index.php?rest_route=\/wp\/v2\/types\/post"}],"author":[{"embeddable":true,"href":"https:\/\/parafiabesko.pl\/index.php?rest_route=\/wp\/v2\/users\/1"}],"replies":[{"embeddable":true,"href":"https:\/\/parafiabesko.pl\/index.php?rest_route=%2Fwp%2Fv2%2Fcomments&post=9742"}],"version-history":[{"count":0,"href":"https:\/\/parafiabesko.pl\/index.php?rest_route=\/wp\/v2\/posts\/9742\/revisions"}],"wp:attachment":[{"href":"https:\/\/parafiabesko.pl\/index.php?rest_route=%2Fwp%2Fv2%2Fmedia&parent=9742"}],"wp:term":[{"taxonomy":"category","embeddable":true,"href":"https:\/\/parafiabesko.pl\/index.php?rest_route=%2Fwp%2Fv2%2Fcategories&post=9742"},{"taxonomy":"post_tag","embeddable":true,"href":"https:\/\/parafiabesko.pl\/index.php?rest_route=%2Fwp%2Fv2%2Ftags&post=9742"}],"curies":[{"name":"wp","href":"https:\/\/api.w.org\/{rel}","templated":true}]}}