{"id":9740,"date":"2022-06-05T16:12:51","date_gmt":"2022-06-05T16:12:51","guid":{"rendered":"http:\/\/parafiabesko.pl\/?p=9740"},"modified":"2022-06-05T16:12:51","modified_gmt":"2022-06-05T16:12:51","slug":"intencje-mszalne-6-12-06-2022r","status":"publish","type":"post","link":"https:\/\/parafiabesko.pl\/?p=9740","title":{"rendered":"Intencje mszalne 6-12.06.2022r."},"content":{"rendered":"<table width=\"101%\">\n<tbody>\n<tr>\n<td rowspan=\"2\" width=\"32%\"><strong>Poniedzia\u0142ek <\/strong><\/p>\n<p><strong>\u015awi\u0119to Matki Ko\u015bcio\u0142a<\/strong><\/p>\n<p>6.06.2022r.<\/p>\n<p>&nbsp;<\/td>\n<td width=\"11%\">7.30<\/p>\n<p>&nbsp;<\/td>\n<td width=\"55%\">+Maria, Kazimierz, Marian, Zofia i Franciszka<\/td>\n<\/tr>\n<tr>\n<td width=\"11%\">\u00a0\u00a0 11.00<\/p>\n<p>18.00<\/td>\n<td width=\"55%\">-Intencji ludowc\u00f3w<\/p>\n<p>-O zdrowie i Bo\u017c\u0105 opiek\u0119 dla si\u00f3str z r\u00f3\u017cy Stanis\u0142awy Strachockiej<\/td>\n<\/tr>\n<tr>\n<td rowspan=\"2\" width=\"32%\"><strong>Wtorek <\/strong><\/p>\n<p>7.06.2022r.<\/p>\n<p><strong>\u00a0<\/strong><\/td>\n<td width=\"11%\">7.00<\/td>\n<td width=\"55%\">-W intencji Bogu wiadomej<\/td>\n<\/tr>\n<tr>\n<td width=\"11%\">18.00<\/td>\n<td width=\"55%\">1. +Genowefa, J\u00f3zef i Czes\u0142aw Przybylscy of. c\u00f3rka Stanis\u0142awa<\/p>\n<p>2. \u2013Z okazji 45 r. ur. Macieja z pro\u015bb\u0105 o b\u0142og. Bo\u017ce i opiek\u0119 M. Bo\u017cej<\/td>\n<\/tr>\n<tr>\n<td rowspan=\"2\" width=\"32%\"><strong>\u015aroda <\/strong><\/p>\n<p>8.06.2022r.<\/p>\n<p>&nbsp;<\/td>\n<td width=\"11%\">7.00<\/td>\n<td width=\"55%\">+Florian<\/td>\n<\/tr>\n<tr>\n<td width=\"11%\">18.00<\/td>\n<td width=\"55%\">1. \u2013Dzi\u0119kczynna w 25 r. \u015blubu Benity i Arkadiusza z pro\u015bb\u0105 o Bo\u017ce b\u0142og. I opiek\u0119 M. Bo\u017cej dla ca\u0142ej rodziny<\/p>\n<p>2. +El\u017cbieta Ciep\u0142y \/poza Parafi\u0105\/<\/td>\n<\/tr>\n<tr>\n<td rowspan=\"2\" width=\"32%\"><strong>Czwartek <\/strong><\/p>\n<p>9.06.2022r.<\/p>\n<p>&nbsp;<\/td>\n<td width=\"11%\">7.00<\/td>\n<td width=\"55%\">+Jadwiga, Danuta i Stanis\u0142aw \/9 r. \u015bm.\/<\/td>\n<\/tr>\n<tr>\n<td width=\"11%\">18.00<\/td>\n<td width=\"55%\">1. +Jan Migda\u0142 \/42 r. \u015bm.\/<\/p>\n<p>2. +\u0141ukasz Szajna of. Domowy Ko\u015bci\u00f3\u0142 w Besku<\/td>\n<\/tr>\n<tr>\n<td rowspan=\"2\" width=\"32%\"><strong>Pi\u0105tek<\/strong><\/p>\n<p>10.062022r.<\/p>\n<p>&nbsp;<\/td>\n<td width=\"11%\">7.00<\/td>\n<td width=\"55%\">+Jan Kielar \/1 r. \u015bm.\/<\/td>\n<\/tr>\n<tr>\n<td width=\"11%\">18.00<\/td>\n<td width=\"55%\">1. -Dzi\u0119kczynna w 50 r. ur. z pro\u015bb\u0105 o b\u0142og. Bo\u017ce i opiek\u0119 M. Bo\u017cej dla ca\u0142ej rodziny<\/p>\n<p>2. +Stanis\u0142aw, Stefani\u0119 Rajter i W\u0142adys\u0142aw, Bronis\u0142aw\u0119 Kononowicz<\/td>\n<\/tr>\n<tr>\n<td rowspan=\"2\" width=\"32%\"><strong>Sobota <\/strong><\/p>\n<p>11.06.2022r.<\/p>\n<p>&nbsp;<\/td>\n<td width=\"11%\">7.00<\/td>\n<td width=\"55%\">+Zofia Kwiatkowska \/20 r. \u015bm.\/<\/td>\n<\/tr>\n<tr>\n<td width=\"11%\">18.00<\/td>\n<td width=\"55%\">1. +Henryk\u0119 Szafran i Maria Mermer<\/p>\n<p>2. +W\u0142adys\u0142aw Adam of. c\u00f3rka Gra\u017cyna z m\u0119\u017cem<\/td>\n<\/tr>\n<tr>\n<td rowspan=\"4\" width=\"32%\"><strong>\u00a0Niedziela Tr\u00f3jcy \u015bwi\u0119tej<\/strong><\/p>\n<p>12.06.2022r.<\/p>\n<p><strong>\u00a0<\/strong><\/p>\n<p>&nbsp;<\/td>\n<td width=\"11%\">7.30<\/td>\n<td width=\"55%\">+ zm. z rodziny Jus i Frist<\/td>\n<\/tr>\n<tr>\n<td width=\"11%\">9.15<\/td>\n<td width=\"55%\">+Genowefa Kruczkiewicz \/4 r. \u015bm.\/<\/td>\n<\/tr>\n<tr>\n<td width=\"11%\">11.00<\/td>\n<td width=\"55%\"><strong>Za Parafian<\/strong><\/td>\n<\/tr>\n<tr>\n<td width=\"11%\">16.30<\/td>\n<td width=\"55%\">+Maria, Pawe\u0142 i Stanis\u0142aw Stapi\u0144scy<\/td>\n<\/tr>\n<\/tbody>\n<\/table>\n","protected":false},"excerpt":{"rendered":"<p>Poniedzia\u0142ek \u015awi\u0119to Matki Ko\u015bcio\u0142a 6.06.2022r. &nbsp; 7.30 &nbsp; +Maria, Kazimierz, Marian, Zofia i Franciszka \u00a0\u00a0 11.00 18.00 -Intencji ludowc\u00f3w -O zdrowie i Bo\u017c\u0105 opiek\u0119 dla si\u00f3str z r\u00f3\u017cy Stanis\u0142awy Strachockiej Wtorek 7.06.2022r. \u00a0 7.00 -W intencji Bogu wiadomej 18.00 1. +Genowefa, J\u00f3zef i Czes\u0142aw Przybylscy of. c\u00f3rka Stanis\u0142awa 2. \u2013Z<span class=\"more-link\"><a href=\"https:\/\/parafiabesko.pl\/?p=9740\">Czytaj wi\u0119cej<\/a><\/span><\/p>\n","protected":false},"author":1,"featured_media":0,"comment_status":"closed","ping_status":"open","sticky":false,"template":"","format":"standard","meta":{"footnotes":""},"categories":[4],"tags":[],"class_list":["entry","author-adminparafiibesko","post-9740","post","type-post","status-publish","format-standard","category-intencje-mszalne"],"_links":{"self":[{"href":"https:\/\/parafiabesko.pl\/index.php?rest_route=\/wp\/v2\/posts\/9740","targetHints":{"allow":["GET"]}}],"collection":[{"href":"https:\/\/parafiabesko.pl\/index.php?rest_route=\/wp\/v2\/posts"}],"about":[{"href":"https:\/\/parafiabesko.pl\/index.php?rest_route=\/wp\/v2\/types\/post"}],"author":[{"embeddable":true,"href":"https:\/\/parafiabesko.pl\/index.php?rest_route=\/wp\/v2\/users\/1"}],"replies":[{"embeddable":true,"href":"https:\/\/parafiabesko.pl\/index.php?rest_route=%2Fwp%2Fv2%2Fcomments&post=9740"}],"version-history":[{"count":0,"href":"https:\/\/parafiabesko.pl\/index.php?rest_route=\/wp\/v2\/posts\/9740\/revisions"}],"wp:attachment":[{"href":"https:\/\/parafiabesko.pl\/index.php?rest_route=%2Fwp%2Fv2%2Fmedia&parent=9740"}],"wp:term":[{"taxonomy":"category","embeddable":true,"href":"https:\/\/parafiabesko.pl\/index.php?rest_route=%2Fwp%2Fv2%2Fcategories&post=9740"},{"taxonomy":"post_tag","embeddable":true,"href":"https:\/\/parafiabesko.pl\/index.php?rest_route=%2Fwp%2Fv2%2Ftags&post=9740"}],"curies":[{"name":"wp","href":"https:\/\/api.w.org\/{rel}","templated":true}]}}