{"id":9737,"date":"2022-05-28T17:48:37","date_gmt":"2022-05-28T17:48:37","guid":{"rendered":"http:\/\/parafiabesko.pl\/?p=9737"},"modified":"2022-05-28T17:48:37","modified_gmt":"2022-05-28T17:48:37","slug":"eucharystyczne-nabozenstwo-40-godzinne-5","status":"publish","type":"post","link":"https:\/\/parafiabesko.pl\/?p=9737","title":{"rendered":"Eucharystyczne nabo\u017ce\u0144stwo 40-godzinne"},"content":{"rendered":"<p style=\"text-align: center;\"><strong><u>Eucharystyczne nabo\u017ce\u0144stwo 40 godzinne<\/u><\/strong><\/p>\n<p style=\"text-align: center;\"><strong>Parafia Besko<\/strong><\/p>\n<p><strong>\u00a0<\/strong><strong>Sobota 4.06.2022 r.<\/strong><\/p>\n<p>Godz.\u00a0 7.30\u00a0 Msza \u015bw. z kazaniem na rozpocz\u0119cie nabo\u017ce\u0144stwa i adoracja<\/p>\n<p>Godz. 11.00\u00a0 Msza \u015bw. z kazaniem i adoracja<\/p>\n<p>Godz. 20.00 Nabo\u017ce\u0144stwo fatimskie<\/p>\n<p>&nbsp;<\/p>\n<p><strong>Niedziela 5.06.2022 r. Zes\u0142anie Ducha \u015bwi\u0119tego \u2013 Zielone \u015awi\u0105tki<\/strong><\/p>\n<p>Godz.\u00a0 \u00a07.30\u00a0 Msza \u015bw. i adoracja<\/p>\n<p>Godz.\u00a0 \u00a09.15\u00a0 Msza \u015bw. i adoracja<\/p>\n<p>Godz. 11.00\u00a0 Msza \u015bw. i adoracja<\/p>\n<p>Godz. 16.00\u00a0 Nabo\u017ce\u0144stwo czerwcowe do NSPJ, zmiana tajemnic i\u00a0 Msza \u015bw.<\/p>\n<p>&nbsp;<\/p>\n<p><strong>Poniedzia\u0142ek 6.06.2022 r. \u015awi\u0119to NMP Matki Ko\u015bcio\u0142a<\/strong><\/p>\n<p>Godz.\u00a0 7.30\u00a0 Msza \u015bw. z kazaniem i adoracja<\/p>\n<p>Godz. 11.00\u00a0 Msza \u015bw. z kazaniem i adoracja<\/p>\n<p>Godz. 18.00\u00a0 Nabo\u017ce\u0144stwo czerwcowe do NSPJ, Te Deum, i Msza \u015bw. i na zako\u0144czenie nabo\u017ce\u0144stwa eucharystycznego.<\/p>\n<p><strong><em>\u201e Wielbi\u0119 Ciebie w ka\u017cdym momencie \u017cywy Chlebie nasz w tym sakramencie \u201e<\/em><\/strong><\/p>\n<p>Niech s\u0142owa tej pie\u015bni spe\u0142ni\u0105 si\u0119 w ka\u017cdej rodzinie i w ka\u017cdym sercu Parafianki i Parafianina!<\/p>\n<p><strong><u>\u00a0<\/u><\/strong><\/p>\n<p><strong><u>Porz\u0105dek adoracji<\/u><\/strong><\/p>\n<p><strong>Eucharystyczne Nabo\u017ce\u0144stwo 40 \u2013 godzinne<\/strong><\/p>\n<p><strong>SOBOTA<\/strong><\/p>\n<p>godz.\u00a0\u00a0 \u00a07.30 &#8211; 14.00 &#8211; rodziny z dzielnic: <strong>Hrabe\u0144, Zak\u0105cie<\/strong><\/p>\n<p>godz.\u00a0 14.00 &#8211; 18.00 &#8211; rodziny z dzielnic: <strong>Frysztak, Cieplaki, Zapowied\u017a<\/strong><\/p>\n<p>godz.\u00a0 18.00 &#8211; 20.00 &#8211; Adoracja prowadzona przez <strong>KSM <\/strong><\/p>\n<p><strong>NIEDZIELA<\/strong><\/p>\n<p>godz.\u00a0 7.30 &#8211; 11.00 &#8211; rodziny z dzielnic: <strong>Sucha Wie\u015b, POM, Pekum<\/strong><\/p>\n<p>godz. 11.00 &#8211; 16.00 &#8211; rodziny z dzielnic: <strong>Ogrody, G\u00f3ry, Podg\u00f3ry, Mymo\u0144<\/strong><\/p>\n<p><strong>PONIEDZIA\u0141EK<\/strong><\/p>\n<p>godz.\u00a0\u00a0 7.30 &#8211; 14.00 &#8211; rodziny z dzielnic: <strong>Wola, Porzecze<\/strong><\/p>\n<p>godz. 14.00 &#8211; 18.00 &#8211; rodziny z dzielnic:<strong> Wie\u015b, dzielnica od tor\u00f3w w stron\u0119 Por\u0119b i Por\u0119by<\/strong><\/p>\n<p><strong>Drodzy Parafianie !<\/strong><\/p>\n<p>Niech ten \u015bwi\u0119ty czas, kiedy wielbimy Pana Jezusa w Naj\u015bwi\u0119tszym Sakramencie i rozwa\u017camy Dar jaki zostawi\u0142 nam Pan B\u00f3g,\u00a0 b\u0119dzie dla ka\u017cdej rodziny naszej Parafii okazj\u0105 do modlitwy i \u015bwiadectwa naszej mi\u0142o\u015bci do JEZUSA EUCHARYSTYCZNEGO przez liczny udzia\u0142 w nabo\u017ce\u0144stwach i adoracji. Szcz\u0119\u015b\u0107 Bo\u017ce !<\/p>\n<p>Program nabo\u017ce\u0144stwa i adoracji jest na stronie internetowej naszej Parafii i wywieszony jest na tablicy og\u0142osze\u0144,\u00a0 prosimy si\u0119 z nim zapozna\u0107.<\/p>\n","protected":false},"excerpt":{"rendered":"<p>Eucharystyczne nabo\u017ce\u0144stwo 40 godzinne Parafia Besko \u00a0Sobota 4.06.2022 r. Godz.\u00a0 7.30\u00a0 Msza \u015bw. z kazaniem na rozpocz\u0119cie nabo\u017ce\u0144stwa i adoracja Godz. 11.00\u00a0 Msza \u015bw. z kazaniem i adoracja Godz. 20.00 Nabo\u017ce\u0144stwo fatimskie &nbsp; Niedziela 5.06.2022 r. Zes\u0142anie Ducha \u015bwi\u0119tego \u2013 Zielone \u015awi\u0105tki Godz.\u00a0 \u00a07.30\u00a0 Msza \u015bw. i adoracja Godz.\u00a0 \u00a09.15\u00a0<span class=\"more-link\"><a href=\"https:\/\/parafiabesko.pl\/?p=9737\">Czytaj wi\u0119cej<\/a><\/span><\/p>\n","protected":false},"author":1,"featured_media":0,"comment_status":"closed","ping_status":"open","sticky":false,"template":"","format":"standard","meta":{"footnotes":""},"categories":[6],"tags":[],"class_list":["entry","author-adminparafiibesko","post-9737","post","type-post","status-publish","format-standard","category-uncategorized"],"_links":{"self":[{"href":"https:\/\/parafiabesko.pl\/index.php?rest_route=\/wp\/v2\/posts\/9737","targetHints":{"allow":["GET"]}}],"collection":[{"href":"https:\/\/parafiabesko.pl\/index.php?rest_route=\/wp\/v2\/posts"}],"about":[{"href":"https:\/\/parafiabesko.pl\/index.php?rest_route=\/wp\/v2\/types\/post"}],"author":[{"embeddable":true,"href":"https:\/\/parafiabesko.pl\/index.php?rest_route=\/wp\/v2\/users\/1"}],"replies":[{"embeddable":true,"href":"https:\/\/parafiabesko.pl\/index.php?rest_route=%2Fwp%2Fv2%2Fcomments&post=9737"}],"version-history":[{"count":0,"href":"https:\/\/parafiabesko.pl\/index.php?rest_route=\/wp\/v2\/posts\/9737\/revisions"}],"wp:attachment":[{"href":"https:\/\/parafiabesko.pl\/index.php?rest_route=%2Fwp%2Fv2%2Fmedia&parent=9737"}],"wp:term":[{"taxonomy":"category","embeddable":true,"href":"https:\/\/parafiabesko.pl\/index.php?rest_route=%2Fwp%2Fv2%2Fcategories&post=9737"},{"taxonomy":"post_tag","embeddable":true,"href":"https:\/\/parafiabesko.pl\/index.php?rest_route=%2Fwp%2Fv2%2Ftags&post=9737"}],"curies":[{"name":"wp","href":"https:\/\/api.w.org\/{rel}","templated":true}]}}