{"id":9735,"date":"2022-05-28T17:44:20","date_gmt":"2022-05-28T17:44:20","guid":{"rendered":"http:\/\/parafiabesko.pl\/?p=9735"},"modified":"2022-05-28T17:44:20","modified_gmt":"2022-05-28T17:44:20","slug":"wniebowstapienie-panskie-29-05-2022r","status":"publish","type":"post","link":"https:\/\/parafiabesko.pl\/?p=9735","title":{"rendered":"Wniebowst\u0105pienie Pa\u0144skie 29.05.2022r."},"content":{"rendered":"<p>Spowied\u017a przed pierwszym pi\u0105tkiem miesi\u0105ca od poniedzia\u0142ku rano i wieczorem przed Msz\u0105 \u015bw. Dzieci i m\u0142odzie\u017c do spowiedzi zapraszamy we \u015brod\u0119 od godziny 17.00.<\/p>\n<p>Trwa Nowenna przed Uroczysto\u015bci\u0105 Zes\u0142ania Ducha \u015bwi\u0119tego.<\/p>\n<p>We wtorek zako\u0144czenie nabo\u017ce\u0144stw majowych, od \u015brody rozpoczynamy nabo\u017ce\u0144stwa czerwcowe do NSPJ.<\/p>\n<p>Pierwszy pi\u0105tek miesi\u0105ca rano o godzinie 7.00 Msza \u015bwi\u0119ta i adoracja, adoruje r\u00f3\u017ca Matki Ko\u015bcio\u0142a prze\u0142o\u017cona Stanis\u0142awa Strachocka , wieczorem o godz. 18.00 Msza \u015bw. i nabo\u017ce\u0144stwo czerwcowe do NSPJ W ko\u015bcio\u0142ach filialnych w Mymoniu i w Por\u0119bach o godzinie 16.00 spowied\u017a, nabo\u017ce\u0144stwo czerwcowe do NSPJ i Msza \u015bw. \u00a0Odwiedzanie chorych w Besku od godz. 8.00.<\/p>\n<p>Od najbli\u017cszej soboty rozpocznie si\u0119 w naszej Parafii:<\/p>\n<p><strong><u>Eucharystyczne nabo\u017ce\u0144stwo 40 godzinne<\/u><\/strong><\/p>\n<p><strong>Parafia Besko<\/strong><\/p>\n<p><strong>Sobota 4.06.2022 r.<\/strong><\/p>\n<p>Godz.\u00a0 7.30\u00a0 Msza \u015bw. z kazaniem na rozpocz\u0119cie nabo\u017ce\u0144stwa i adoracja<\/p>\n<p>Godz. 11.00\u00a0 Msza \u015bw. z kazaniem i adoracja<\/p>\n<p>Godz. 20.00 \u00a0Nabo\u017ce\u0144stwo fatimskie<\/p>\n<p>&nbsp;<\/p>\n<p><strong>Niedziela 5.06.2022 r. Zes\u0142anie Ducha \u015bwi\u0119tego \u2013 Zielone \u015awi\u0105tki<\/strong><\/p>\n<p>Godz.\u00a0 7.30\u00a0 Msza \u015bw. i adoracja<\/p>\n<p>Godz.\u00a0 9.15\u00a0 Msza \u015bw. i adoracja<\/p>\n<p>Godz. 11.00 Msza \u015bw. i adoracja<\/p>\n<p>Godz. 16.00\u00a0 Nabo\u017ce\u0144stwo czerwcowe do NSPJ, zmiana tajemnic i \u00a0Msza \u015bw.<\/p>\n<p>&nbsp;<\/p>\n<p><strong>Poniedzia\u0142ek 6.06.2022 r. \u015awi\u0119to NMP Matki Ko\u015bcio\u0142a<\/strong><\/p>\n<p>Godz. \u00a0\u00a07.30\u00a0 Msza \u015bw. z kazaniem i adoracja<\/p>\n<p>Godz. 11.00\u00a0 Msza \u015bw. z kazaniem i adoracja<\/p>\n<p>Godz. 18.00\u00a0 Nabo\u017ce\u0144stwo czerwcowe do NSPJ, Te Deum, i Msza \u015bw. i na zako\u0144czenie nabo\u017ce\u0144stwa eucharystycznego.<\/p>\n<p><strong><em>\u201e Wielbi\u0119 Ciebie w ka\u017cdym momencie \u017cywy Chlebie nasz w tym sakramencie \u201e<\/em><\/strong><\/p>\n<p>Niech s\u0142owa tej pie\u015bni spe\u0142ni\u0105 si\u0119 w ka\u017cdej rodzinie i w ka\u017cdym sercu Parafianki i Parafianina!<\/p>\n<p>&nbsp;<\/p>\n<p><strong><u>PORZ\u0104DEK ADORACJI<\/u><\/strong><\/p>\n<p><strong>Eucharystyczne Nabo\u017ce\u0144stwo 40 \u2013 godzinne<\/strong><\/p>\n<p><strong>SOBOTA<\/strong><\/p>\n<p>godz.\u00a0 \u00a0\u00a07.30 &#8211; 14.00 &#8211; rodziny z dzielnic: <strong>Hrabe\u0144, Zak\u0105cie<\/strong><\/p>\n<p>godz.\u00a0 14.00 &#8211; 18.00 &#8211; rodziny z dzielnic: <strong>Frysztak, Cieplaki, Zapowied\u017a<\/strong><\/p>\n<p>godz. \u00a018.00 &#8211; 20.00 &#8211; Adoracja prowadzona przez <strong>KSM <\/strong><\/p>\n<p><strong>NIEDZIELA<\/strong><\/p>\n<p>godz. \u00a0\u00a07.30 &#8211; 11.00 &#8211; rodziny z dzielnic: <strong>Sucha Wie\u015b, POM, Pekum<\/strong><\/p>\n<p>godz. 11.00 &#8211; 16.00 &#8211; rodziny z dzielnic: <strong>Ogrody, G\u00f3ry, Podg\u00f3ry, Mymo\u0144<\/strong><\/p>\n<p><strong>PONIEDZIA\u0141EK<\/strong><\/p>\n<p>godz.\u00a0\u00a0 7.30 &#8211; 14.00 &#8211; rodziny z dzielnic: <strong>Wola, Porzecze<\/strong><\/p>\n<p>godz. 14.00 &#8211; 18.00 &#8211; rodziny z dzielnic:<strong> Wie\u015b, dzielnica od tor\u00f3w w stron\u0119 Por\u0119b i Por\u0119by<\/strong><\/p>\n<p><strong>Drodzy Parafianie !<\/strong><\/p>\n<p>Niech ten \u015bwi\u0119ty czas, kiedy wielbimy Pana Jezusa w Naj\u015bwi\u0119tszym Sakramencie i rozwa\u017camy Dar jaki zostawi\u0142 nam Pan B\u00f3g,\u00a0 b\u0119dzie dla ka\u017cdej rodziny naszej Parafii okazj\u0105 do modlitwy i \u015bwiadectwa naszej mi\u0142o\u015bci do JEZUSA EUCHARYSTYCZNEGO przez liczny udzia\u0142 w nabo\u017ce\u0144stwach i adoracji. Szcz\u0119\u015b\u0107 Bo\u017ce !<\/p>\n<p>Program nabo\u017ce\u0144stwa i adoracji jest na stronie internetowej naszej Parafii\u00a0 i wywieszony jest na tablicy og\u0142osze\u0144,\u00a0 prosimy si\u0119 z nim zapozna\u0107.<\/p>\n<p>W najbli\u017csz\u0105 sobot\u0119 w katedrze przemyskiej \u015bwi\u0119cenia kap\u0142a\u0144skie. Polecamy modlitwie ksi\u0119\u017cy neoprezbiter\u00f3w.<\/p>\n<p>KSM organizuje wyjazd na <strong>koncert uwielbieniowy: \u201eJednego Serca Jednego Ducha\u201d <\/strong>w Bo\u017ce Cia\u0142o. Zapisy u ks. Paw\u0142a.<\/p>\n<p>W najbli\u017csz\u0105 niedziel\u0119 5 czerwca 2022r. Parafia Milcza obchodzi Jubileusz 50 \u2013 lecia budowy ko\u015bcio\u0142a i powstania Parafii. Uroczysta Msza \u015bw. pod przewodnictwem abpa Adama Szala o godz. 11.30. Proboszcz i Parafianie serdecznie zapraszaj\u0105 na t\u0105 Uroczysto\u015b\u0107.<\/p>\n","protected":false},"excerpt":{"rendered":"<p>Spowied\u017a przed pierwszym pi\u0105tkiem miesi\u0105ca od poniedzia\u0142ku rano i wieczorem przed Msz\u0105 \u015bw. Dzieci i m\u0142odzie\u017c do spowiedzi zapraszamy we \u015brod\u0119 od godziny 17.00. Trwa Nowenna przed Uroczysto\u015bci\u0105 Zes\u0142ania Ducha \u015bwi\u0119tego. We wtorek zako\u0144czenie nabo\u017ce\u0144stw majowych, od \u015brody rozpoczynamy nabo\u017ce\u0144stwa czerwcowe do NSPJ. Pierwszy pi\u0105tek miesi\u0105ca rano o godzinie 7.00<span class=\"more-link\"><a href=\"https:\/\/parafiabesko.pl\/?p=9735\">Czytaj wi\u0119cej<\/a><\/span><\/p>\n","protected":false},"author":1,"featured_media":0,"comment_status":"closed","ping_status":"open","sticky":false,"template":"","format":"standard","meta":{"footnotes":""},"categories":[7],"tags":[],"class_list":["entry","author-adminparafiibesko","post-9735","post","type-post","status-publish","format-standard","category-ogloszenia-parafialne"],"_links":{"self":[{"href":"https:\/\/parafiabesko.pl\/index.php?rest_route=\/wp\/v2\/posts\/9735","targetHints":{"allow":["GET"]}}],"collection":[{"href":"https:\/\/parafiabesko.pl\/index.php?rest_route=\/wp\/v2\/posts"}],"about":[{"href":"https:\/\/parafiabesko.pl\/index.php?rest_route=\/wp\/v2\/types\/post"}],"author":[{"embeddable":true,"href":"https:\/\/parafiabesko.pl\/index.php?rest_route=\/wp\/v2\/users\/1"}],"replies":[{"embeddable":true,"href":"https:\/\/parafiabesko.pl\/index.php?rest_route=%2Fwp%2Fv2%2Fcomments&post=9735"}],"version-history":[{"count":0,"href":"https:\/\/parafiabesko.pl\/index.php?rest_route=\/wp\/v2\/posts\/9735\/revisions"}],"wp:attachment":[{"href":"https:\/\/parafiabesko.pl\/index.php?rest_route=%2Fwp%2Fv2%2Fmedia&parent=9735"}],"wp:term":[{"taxonomy":"category","embeddable":true,"href":"https:\/\/parafiabesko.pl\/index.php?rest_route=%2Fwp%2Fv2%2Fcategories&post=9735"},{"taxonomy":"post_tag","embeddable":true,"href":"https:\/\/parafiabesko.pl\/index.php?rest_route=%2Fwp%2Fv2%2Ftags&post=9735"}],"curies":[{"name":"wp","href":"https:\/\/api.w.org\/{rel}","templated":true}]}}