{"id":9733,"date":"2022-05-28T17:39:19","date_gmt":"2022-05-28T17:39:19","guid":{"rendered":"http:\/\/parafiabesko.pl\/?p=9733"},"modified":"2022-05-28T17:39:19","modified_gmt":"2022-05-28T17:39:19","slug":"intencje-mszalne-30-05-5-06-2022r","status":"publish","type":"post","link":"https:\/\/parafiabesko.pl\/?p=9733","title":{"rendered":"Intencje mszalne 30.05.-5.06.2022r."},"content":{"rendered":"<table width=\"101%\">\n<tbody>\n<tr>\n<td rowspan=\"2\" width=\"32%\"><strong>Poniedzia\u0142ek<\/strong><\/p>\n<p>30.05.2022r.<\/p>\n<p>&nbsp;<\/td>\n<td width=\"11%\">7.00<\/p>\n<p>&nbsp;<\/td>\n<td width=\"55%\">&#8211; O zdrowie i b\u0142og. Bo\u017ce dla si\u00f3str z r\u00f3\u017cy Matki Teresy z Kalkuty<\/td>\n<\/tr>\n<tr>\n<td width=\"11%\">18.00<\/td>\n<td width=\"55%\">1. +Andrzej, Jan, Magdalena Strachoccy<\/p>\n<p>2. +Wanda B\u0142o\u0144ska \/10 r. \u015bm.\/<\/td>\n<\/tr>\n<tr>\n<td rowspan=\"2\" width=\"32%\"><strong>Wtorek <\/strong><\/p>\n<p>31.05.2022r.<\/p>\n<p><strong>\u00a0<\/strong><\/td>\n<td width=\"11%\">7.00<\/td>\n<td width=\"55%\">+O wieczny pok\u00f3j dla zmar\u0142ych si\u00f3str z r\u00f3\u017cy Matki Teresy z Kalkuty<\/td>\n<\/tr>\n<tr>\n<td width=\"11%\">18.00<\/td>\n<td width=\"55%\">1. +Maciej Zubik<\/p>\n<p>2. +Jerzy Pojnar \/12 r. \u015bm.\/<\/td>\n<\/tr>\n<tr>\n<td rowspan=\"2\" width=\"32%\"><strong>\u015aroda <\/strong><\/p>\n<p>1.06.2022r.<\/p>\n<p>&nbsp;<\/td>\n<td width=\"11%\">7.00<\/td>\n<td width=\"55%\">+Stanis\u0142aw Skubel<\/td>\n<\/tr>\n<tr>\n<td width=\"11%\">18.00<\/td>\n<td width=\"55%\">1. +Wies\u0142aw Gierad i zm. z rodz. Wac\u0142awskich<\/p>\n<p>2. +Maria Kornasiewicz of. rodz. Strachockich<\/td>\n<\/tr>\n<tr>\n<td rowspan=\"2\" width=\"32%\"><strong>Czwartek <\/strong><\/p>\n<p>2.06.2022r.<\/p>\n<p>&nbsp;<\/td>\n<td width=\"11%\">7.00<\/td>\n<td width=\"55%\">+Zofia, J\u00f3zef Czupiej<\/td>\n<\/tr>\n<tr>\n<td width=\"11%\">18.00<\/td>\n<td width=\"55%\">1. +Stanis\u0142aw, Edward, \u0141ukasz Chyna\u0142<\/p>\n<p>2. +Edward J\u0119drzejczyk \/8 r. \u015bm.\/ of. \u017cona<\/td>\n<\/tr>\n<tr>\n<td rowspan=\"2\" width=\"32%\"><strong>Pi\u0105tek<\/strong><\/p>\n<p>3.062022r.<\/p>\n<p>&nbsp;<\/td>\n<td width=\"11%\">7.00<\/td>\n<td width=\"55%\">+Za zmar\u0142ych rodzic\u00f3w J\u00f3zefa, Felicj\u0119 Ciep\u0142y i zm. z rodziny<\/td>\n<\/tr>\n<tr>\n<td width=\"11%\">18.00<\/td>\n<td width=\"55%\">+J\u00f3zef Sza\u0142ankiewicz<\/td>\n<\/tr>\n<tr>\n<td rowspan=\"2\" width=\"32%\"><strong>Sobota <\/strong><\/p>\n<p>4.06.2022r.<\/p>\n<p>&nbsp;<\/td>\n<td width=\"11%\">7.30<\/td>\n<td width=\"55%\">+Czes\u0142aw\u0119, Mieczys\u0142aw Jan i Wies\u0142aw<\/td>\n<\/tr>\n<tr>\n<td width=\"11%\">11.00<\/p>\n<p>20.00<\/td>\n<td width=\"55%\">&#8211; Dzi\u0119kczynna w 86 ur. J\u00f3zefa z pro\u015bb\u0119 o b\u0142og. Bo\u017ce<\/p>\n<p>+J\u00f3zef\u0119, Bronis\u0142aw Bia\u0142as of. syn<\/td>\n<\/tr>\n<tr>\n<td rowspan=\"4\" width=\"32%\"><strong>\u00a0Zes\u0142anie Ducha \u015bwi\u0119tego<\/strong><\/p>\n<p>5.06.2022r.<\/p>\n<p><strong>\u00a0<\/strong><\/p>\n<p>&nbsp;<\/td>\n<td width=\"11%\">7.30<\/td>\n<td width=\"55%\">+Edward \u015aliwka<\/td>\n<\/tr>\n<tr>\n<td width=\"11%\">9.15<\/td>\n<td width=\"55%\">+Aleksander Nowak \/1 r. \u015bm.\/<\/td>\n<\/tr>\n<tr>\n<td width=\"11%\">11.00<\/td>\n<td width=\"55%\"><strong>Za Parafian<\/strong><\/td>\n<\/tr>\n<tr>\n<td width=\"11%\">16.30<\/td>\n<td width=\"55%\">+Marian Jasi\u0144ski of. rodzina<\/td>\n<\/tr>\n<\/tbody>\n<\/table>\n","protected":false},"excerpt":{"rendered":"<p>Poniedzia\u0142ek 30.05.2022r. &nbsp; 7.00 &nbsp; &#8211; O zdrowie i b\u0142og. Bo\u017ce dla si\u00f3str z r\u00f3\u017cy Matki Teresy z Kalkuty 18.00 1. +Andrzej, Jan, Magdalena Strachoccy 2. +Wanda B\u0142o\u0144ska \/10 r. \u015bm.\/ Wtorek 31.05.2022r. \u00a0 7.00 +O wieczny pok\u00f3j dla zmar\u0142ych si\u00f3str z r\u00f3\u017cy Matki Teresy z Kalkuty 18.00 1. +Maciej<span class=\"more-link\"><a href=\"https:\/\/parafiabesko.pl\/?p=9733\">Czytaj wi\u0119cej<\/a><\/span><\/p>\n","protected":false},"author":1,"featured_media":0,"comment_status":"closed","ping_status":"open","sticky":false,"template":"","format":"standard","meta":{"footnotes":""},"categories":[4],"tags":[],"class_list":["entry","author-adminparafiibesko","post-9733","post","type-post","status-publish","format-standard","category-intencje-mszalne"],"_links":{"self":[{"href":"https:\/\/parafiabesko.pl\/index.php?rest_route=\/wp\/v2\/posts\/9733","targetHints":{"allow":["GET"]}}],"collection":[{"href":"https:\/\/parafiabesko.pl\/index.php?rest_route=\/wp\/v2\/posts"}],"about":[{"href":"https:\/\/parafiabesko.pl\/index.php?rest_route=\/wp\/v2\/types\/post"}],"author":[{"embeddable":true,"href":"https:\/\/parafiabesko.pl\/index.php?rest_route=\/wp\/v2\/users\/1"}],"replies":[{"embeddable":true,"href":"https:\/\/parafiabesko.pl\/index.php?rest_route=%2Fwp%2Fv2%2Fcomments&post=9733"}],"version-history":[{"count":0,"href":"https:\/\/parafiabesko.pl\/index.php?rest_route=\/wp\/v2\/posts\/9733\/revisions"}],"wp:attachment":[{"href":"https:\/\/parafiabesko.pl\/index.php?rest_route=%2Fwp%2Fv2%2Fmedia&parent=9733"}],"wp:term":[{"taxonomy":"category","embeddable":true,"href":"https:\/\/parafiabesko.pl\/index.php?rest_route=%2Fwp%2Fv2%2Fcategories&post=9733"},{"taxonomy":"post_tag","embeddable":true,"href":"https:\/\/parafiabesko.pl\/index.php?rest_route=%2Fwp%2Fv2%2Ftags&post=9733"}],"curies":[{"name":"wp","href":"https:\/\/api.w.org\/{rel}","templated":true}]}}