{"id":9730,"date":"2022-05-22T14:15:21","date_gmt":"2022-05-22T14:15:21","guid":{"rendered":"http:\/\/parafiabesko.pl\/?p=9730"},"modified":"2022-05-22T14:15:21","modified_gmt":"2022-05-22T14:15:21","slug":"ogloszenia-parafialne-22-05-2022r","status":"publish","type":"post","link":"https:\/\/parafiabesko.pl\/?p=9730","title":{"rendered":"Og\u0142oszenia parafialne 22.05.2022r."},"content":{"rendered":"<h5>6 Niedziela Wielkanocy<\/h5>\n<p>&nbsp;<\/p>\n<p>W poniedzia\u0142ek, wtorek i \u015brod\u0119 przypadaj\u0105 <strong>Dni Krzy\u017cowe<\/strong> w ko\u015bciele w Besku o godz. 18.00 \u2013 procesja wok\u00f3\u0142 ko\u015bcio\u0142a i modlitwy \u00a0b\u0142agalne o urodzaje i b\u0142ogos\u0142awie\u0144stwo Bo\u017ce w pracy.<\/p>\n<p>W pi\u0105tek pocz\u0105tek Nowenny do Ducha \u015bwi\u0119tego.<\/p>\n<p>Ko\u0142o Gospody\u0144 i Beskowianki zapraszaj\u0105 na maj\u00f3wki przy kapliczkach w soboty o godz. 19.00:<\/p>\n<p>&#8211; 28 maja \u2013 Janina Suwa\u0142a ul. Hrabe\u0144ska<\/p>\n<p>Za tydzie\u0144 uroczysto\u015b\u0107 Wniebowst\u0105pienia Pa\u0144skiego, w naszej archidiecezji \u015bwi\u0119cenia diakonatu. Otaczamy modlitw\u0105 kandydat\u00f3w do \u015bwi\u0119ce\u0144.<\/p>\n","protected":false},"excerpt":{"rendered":"<p>6 Niedziela Wielkanocy &nbsp; W poniedzia\u0142ek, wtorek i \u015brod\u0119 przypadaj\u0105 Dni Krzy\u017cowe w ko\u015bciele w Besku o godz. 18.00 \u2013 procesja wok\u00f3\u0142 ko\u015bcio\u0142a i modlitwy \u00a0b\u0142agalne o urodzaje i b\u0142ogos\u0142awie\u0144stwo Bo\u017ce w pracy. W pi\u0105tek pocz\u0105tek Nowenny do Ducha \u015bwi\u0119tego. Ko\u0142o Gospody\u0144 i Beskowianki zapraszaj\u0105 na maj\u00f3wki przy kapliczkach w<span class=\"more-link\"><a href=\"https:\/\/parafiabesko.pl\/?p=9730\">Czytaj wi\u0119cej<\/a><\/span><\/p>\n","protected":false},"author":1,"featured_media":0,"comment_status":"closed","ping_status":"open","sticky":false,"template":"","format":"standard","meta":{"footnotes":""},"categories":[7],"tags":[],"class_list":["entry","author-adminparafiibesko","post-9730","post","type-post","status-publish","format-standard","category-ogloszenia-parafialne"],"_links":{"self":[{"href":"https:\/\/parafiabesko.pl\/index.php?rest_route=\/wp\/v2\/posts\/9730","targetHints":{"allow":["GET"]}}],"collection":[{"href":"https:\/\/parafiabesko.pl\/index.php?rest_route=\/wp\/v2\/posts"}],"about":[{"href":"https:\/\/parafiabesko.pl\/index.php?rest_route=\/wp\/v2\/types\/post"}],"author":[{"embeddable":true,"href":"https:\/\/parafiabesko.pl\/index.php?rest_route=\/wp\/v2\/users\/1"}],"replies":[{"embeddable":true,"href":"https:\/\/parafiabesko.pl\/index.php?rest_route=%2Fwp%2Fv2%2Fcomments&post=9730"}],"version-history":[{"count":0,"href":"https:\/\/parafiabesko.pl\/index.php?rest_route=\/wp\/v2\/posts\/9730\/revisions"}],"wp:attachment":[{"href":"https:\/\/parafiabesko.pl\/index.php?rest_route=%2Fwp%2Fv2%2Fmedia&parent=9730"}],"wp:term":[{"taxonomy":"category","embeddable":true,"href":"https:\/\/parafiabesko.pl\/index.php?rest_route=%2Fwp%2Fv2%2Fcategories&post=9730"},{"taxonomy":"post_tag","embeddable":true,"href":"https:\/\/parafiabesko.pl\/index.php?rest_route=%2Fwp%2Fv2%2Ftags&post=9730"}],"curies":[{"name":"wp","href":"https:\/\/api.w.org\/{rel}","templated":true}]}}