{"id":9728,"date":"2022-05-22T14:12:26","date_gmt":"2022-05-22T14:12:26","guid":{"rendered":"http:\/\/parafiabesko.pl\/?p=9728"},"modified":"2022-05-22T14:12:26","modified_gmt":"2022-05-22T14:12:26","slug":"intencje-mszalne-23-28-05-2022r","status":"publish","type":"post","link":"https:\/\/parafiabesko.pl\/?p=9728","title":{"rendered":"Intencje mszalne 23-29.05.2022r."},"content":{"rendered":"<table width=\"101%\">\n<tbody>\n<tr>\n<td rowspan=\"2\" width=\"32%\"><strong>Poniedzia\u0142ek<\/strong><\/p>\n<p>23.05.2022r.<\/p>\n<p>&nbsp;<\/td>\n<td width=\"11%\">7.00<\/p>\n<p>&nbsp;<\/td>\n<td width=\"55%\">+J\u00f3zef, Edward Pihut<\/td>\n<\/tr>\n<tr>\n<td width=\"11%\">18.00<\/td>\n<td width=\"55%\">1. +J\u00f3zef\u0119, Jan Mermer of. syn Kazimierz<\/p>\n<p>2. +Maria Kornasiewicz of. syn Wojciech z rodzin\u0105<\/td>\n<\/tr>\n<tr>\n<td rowspan=\"2\" width=\"32%\"><strong>Wtorek <\/strong><\/p>\n<p>24.05.2022r.<\/p>\n<p><strong>\u00a0<\/strong><\/td>\n<td width=\"11%\">7.00<\/td>\n<td width=\"55%\">+Jan Marsza\u0142ek of. s\u0105siedzi z ul. Kolejowej<\/td>\n<\/tr>\n<tr>\n<td width=\"11%\">18.00<\/td>\n<td width=\"55%\">1. +Boles\u0142aw Kornasiewicz \/19 r. \u015bm.\/<\/p>\n<p>2. +Maria Kornasiewicz of. brat z \u017con\u0105<\/td>\n<\/tr>\n<tr>\n<td rowspan=\"2\" width=\"32%\"><strong>\u015aroda <\/strong><\/p>\n<p>25.05.2022r.<\/p>\n<p>&nbsp;<\/td>\n<td width=\"11%\">7.00<\/td>\n<td width=\"55%\">+Jan Marsza\u0142ek of. synowa Halina<\/td>\n<\/tr>\n<tr>\n<td width=\"11%\">18.00<\/td>\n<td width=\"55%\">1. +Stanis\u0142aw Tele\u017cy\u0144ski of. \u017cona<\/p>\n<p>2. +Jerzy Sza\u0142ankiewicz of. \u017cona Teresa z c\u00f3rk\u0105 \/poza Parafi\u0105\/<\/td>\n<\/tr>\n<tr>\n<td rowspan=\"2\" width=\"32%\"><strong>Czwartek <\/strong><\/p>\n<p>26.05.2022r.<\/p>\n<p>&nbsp;<\/td>\n<td width=\"11%\">7.00<\/td>\n<td width=\"55%\">+Dominika Kwiatkowska of. syn<\/td>\n<\/tr>\n<tr>\n<td width=\"11%\">18.00<\/td>\n<td width=\"55%\">1. +Eugenia, Alojzy, Julia Piotr Mroczkowscy<\/p>\n<p>2. +Zofia Suwa\u0142a of. m\u0105\u017c<\/td>\n<\/tr>\n<tr>\n<td rowspan=\"2\" width=\"32%\"><strong>Pi\u0105tek<\/strong><\/p>\n<p>27.05.2022r.<\/p>\n<p>&nbsp;<\/td>\n<td width=\"11%\">7.00<\/td>\n<td width=\"55%\">+Maria, Feliks Kr\u00f3liccy of. c\u00f3rki z rodzin\u0105<\/td>\n<\/tr>\n<tr>\n<td width=\"11%\">18.00<\/td>\n<td width=\"55%\">1.+ Leopold \/8 r. \u015bm.\/, Stefani\u0119 i Stanis\u0142aw<\/p>\n<p>2. \u2013 o zdrowie dla rodziny<\/td>\n<\/tr>\n<tr>\n<td rowspan=\"2\" width=\"32%\"><strong>Sobota <\/strong><\/p>\n<p>28.05.2022r.<\/p>\n<p>&nbsp;<\/td>\n<td width=\"11%\">7.00<\/td>\n<td width=\"55%\">+Magdalena, Antoni i Jan Pihut<\/td>\n<\/tr>\n<tr>\n<td width=\"11%\">18.00<\/td>\n<td width=\"55%\">1. +Jan, Janina, Stanis\u0142aw Mermer<\/p>\n<p>2. +Stanis\u0142aw\u0119 \/4 r. \u015bm\/ i Antoni Bobak<\/td>\n<\/tr>\n<tr>\n<td rowspan=\"4\" width=\"32%\"><strong>\u00a0WNIEBOWST\u0104PIENIE<\/strong><\/p>\n<p><strong>PA\u0143SKIE<\/strong><\/p>\n<p>22.05.2022r.<\/p>\n<p><strong>\u00a0<\/strong><\/p>\n<p>&nbsp;<\/td>\n<td width=\"11%\">7.30<\/td>\n<td width=\"55%\">&#8211; o b\u0142og. Bo\u017ce dla rodzin z r\u00f3\u017cy MB R\u00f3\u017ca\u0144cowej<\/td>\n<\/tr>\n<tr>\n<td width=\"11%\">9.15<\/td>\n<td width=\"55%\">+Edward J\u0119drzejczyk of. syn Jerzy z rodzin\u0105<\/td>\n<\/tr>\n<tr>\n<td width=\"11%\">11.00<\/td>\n<td width=\"55%\"><strong>Za Parafian<\/strong><\/td>\n<\/tr>\n<tr>\n<td width=\"11%\">16.30<\/td>\n<td width=\"55%\">+J\u00f3zef Szybka<\/td>\n<\/tr>\n<\/tbody>\n<\/table>\n","protected":false},"excerpt":{"rendered":"<p>Poniedzia\u0142ek 23.05.2022r. &nbsp; 7.00 &nbsp; +J\u00f3zef, Edward Pihut 18.00 1. +J\u00f3zef\u0119, Jan Mermer of. syn Kazimierz 2. +Maria Kornasiewicz of. syn Wojciech z rodzin\u0105 Wtorek 24.05.2022r. \u00a0 7.00 +Jan Marsza\u0142ek of. s\u0105siedzi z ul. Kolejowej 18.00 1. +Boles\u0142aw Kornasiewicz \/19 r. \u015bm.\/ 2. +Maria Kornasiewicz of. brat z \u017con\u0105 \u015aroda<span class=\"more-link\"><a href=\"https:\/\/parafiabesko.pl\/?p=9728\">Czytaj wi\u0119cej<\/a><\/span><\/p>\n","protected":false},"author":1,"featured_media":0,"comment_status":"closed","ping_status":"open","sticky":false,"template":"","format":"standard","meta":{"footnotes":""},"categories":[4],"tags":[],"class_list":["entry","author-adminparafiibesko","post-9728","post","type-post","status-publish","format-standard","category-intencje-mszalne"],"_links":{"self":[{"href":"https:\/\/parafiabesko.pl\/index.php?rest_route=\/wp\/v2\/posts\/9728","targetHints":{"allow":["GET"]}}],"collection":[{"href":"https:\/\/parafiabesko.pl\/index.php?rest_route=\/wp\/v2\/posts"}],"about":[{"href":"https:\/\/parafiabesko.pl\/index.php?rest_route=\/wp\/v2\/types\/post"}],"author":[{"embeddable":true,"href":"https:\/\/parafiabesko.pl\/index.php?rest_route=\/wp\/v2\/users\/1"}],"replies":[{"embeddable":true,"href":"https:\/\/parafiabesko.pl\/index.php?rest_route=%2Fwp%2Fv2%2Fcomments&post=9728"}],"version-history":[{"count":0,"href":"https:\/\/parafiabesko.pl\/index.php?rest_route=\/wp\/v2\/posts\/9728\/revisions"}],"wp:attachment":[{"href":"https:\/\/parafiabesko.pl\/index.php?rest_route=%2Fwp%2Fv2%2Fmedia&parent=9728"}],"wp:term":[{"taxonomy":"category","embeddable":true,"href":"https:\/\/parafiabesko.pl\/index.php?rest_route=%2Fwp%2Fv2%2Fcategories&post=9728"},{"taxonomy":"post_tag","embeddable":true,"href":"https:\/\/parafiabesko.pl\/index.php?rest_route=%2Fwp%2Fv2%2Ftags&post=9728"}],"curies":[{"name":"wp","href":"https:\/\/api.w.org\/{rel}","templated":true}]}}