{"id":9723,"date":"2022-05-15T20:58:05","date_gmt":"2022-05-15T20:58:05","guid":{"rendered":"http:\/\/parafiabesko.pl\/?p=9723"},"modified":"2022-05-15T20:58:05","modified_gmt":"2022-05-15T20:58:05","slug":"ogloszenia-parafialne-15-05-2022r","status":"publish","type":"post","link":"https:\/\/parafiabesko.pl\/?p=9723","title":{"rendered":"Og\u0142oszenia parafialne 15.05.2022r."},"content":{"rendered":"<h5><strong>5 Niedziela Wielkanocy<\/strong><\/h5>\n<p>&nbsp;<\/p>\n<p><strong>Dzisiaj na sumie o godz. 11.00 rocznica Pierwszej komunii \u015bw. dla dzieci klasy czwartej.<\/strong><\/p>\n<p><strong>\u00a0<\/strong><strong>Dzi\u015b sk\u0142adka przeznaczona jest na parafie potrzebuj\u0105ce pomocy<\/strong>.<\/p>\n<p>Jutro16 maja \u015awi\u0119to \u015bw. Andrzeja Boboli, prezbitera i m\u0119czennika patrona Polski.<\/p>\n<p>Nabo\u017ce\u0144stwa majowe w Besku o godz.18.00 w dni powszednie, a w niedziel\u0119 o godz. 16.00.<\/p>\n<p>Dzi\u0119kujemy rodzicom dzieci klasy czwartej i rodzicom m\u0142odzie\u017cy, kt\u00f3ra przyj\u0119\u0142a sakrament Bierzmowania za ofiarowanie daru o\u0142tarza dla naszej \u015bwi\u0105tyni \u2013 liturgicznej kapy, ornatu i stu\u0142y. B\u00f3g zap\u0142a\u0107!<\/p>\n<p>Ko\u0142o Gospody\u0144 i Beskowianki zapraszaj\u0105 na maj\u00f3wki przy kapliczkach w soboty o godz. 19.00:<\/p>\n<p>&#8211; 21 maja \u2013 Dorota, Maciej Zelia\u015b \u2013 ul.\u00a0 Hrabe\u0144ska<\/p>\n<p>&#8211; 28 maja \u2013 Janina Suwa\u0142a ul. Hrabe\u0144ska<\/p>\n","protected":false},"excerpt":{"rendered":"<p>5 Niedziela Wielkanocy &nbsp; Dzisiaj na sumie o godz. 11.00 rocznica Pierwszej komunii \u015bw. dla dzieci klasy czwartej. \u00a0Dzi\u015b sk\u0142adka przeznaczona jest na parafie potrzebuj\u0105ce pomocy. Jutro16 maja \u015awi\u0119to \u015bw. Andrzeja Boboli, prezbitera i m\u0119czennika patrona Polski. Nabo\u017ce\u0144stwa majowe w Besku o godz.18.00 w dni powszednie, a w niedziel\u0119 o<span class=\"more-link\"><a href=\"https:\/\/parafiabesko.pl\/?p=9723\">Czytaj wi\u0119cej<\/a><\/span><\/p>\n","protected":false},"author":1,"featured_media":0,"comment_status":"closed","ping_status":"open","sticky":false,"template":"","format":"standard","meta":{"footnotes":""},"categories":[7],"tags":[],"class_list":["entry","author-adminparafiibesko","post-9723","post","type-post","status-publish","format-standard","category-ogloszenia-parafialne"],"_links":{"self":[{"href":"https:\/\/parafiabesko.pl\/index.php?rest_route=\/wp\/v2\/posts\/9723","targetHints":{"allow":["GET"]}}],"collection":[{"href":"https:\/\/parafiabesko.pl\/index.php?rest_route=\/wp\/v2\/posts"}],"about":[{"href":"https:\/\/parafiabesko.pl\/index.php?rest_route=\/wp\/v2\/types\/post"}],"author":[{"embeddable":true,"href":"https:\/\/parafiabesko.pl\/index.php?rest_route=\/wp\/v2\/users\/1"}],"replies":[{"embeddable":true,"href":"https:\/\/parafiabesko.pl\/index.php?rest_route=%2Fwp%2Fv2%2Fcomments&post=9723"}],"version-history":[{"count":0,"href":"https:\/\/parafiabesko.pl\/index.php?rest_route=\/wp\/v2\/posts\/9723\/revisions"}],"wp:attachment":[{"href":"https:\/\/parafiabesko.pl\/index.php?rest_route=%2Fwp%2Fv2%2Fmedia&parent=9723"}],"wp:term":[{"taxonomy":"category","embeddable":true,"href":"https:\/\/parafiabesko.pl\/index.php?rest_route=%2Fwp%2Fv2%2Fcategories&post=9723"},{"taxonomy":"post_tag","embeddable":true,"href":"https:\/\/parafiabesko.pl\/index.php?rest_route=%2Fwp%2Fv2%2Ftags&post=9723"}],"curies":[{"name":"wp","href":"https:\/\/api.w.org\/{rel}","templated":true}]}}