{"id":9721,"date":"2022-05-15T20:55:07","date_gmt":"2022-05-15T20:55:07","guid":{"rendered":"http:\/\/parafiabesko.pl\/?p=9721"},"modified":"2022-05-15T20:55:07","modified_gmt":"2022-05-15T20:55:07","slug":"intencje-mszalne-15-05-2022r","status":"publish","type":"post","link":"https:\/\/parafiabesko.pl\/?p=9721","title":{"rendered":"Intencje mszalne 16-22.05.2022r."},"content":{"rendered":"<table width=\"101%\">\n<tbody>\n<tr>\n<td rowspan=\"2\" width=\"32%\"><strong>Poniedzia\u0142ek<\/strong><\/p>\n<p>16.05.2022r.<\/p>\n<p>&nbsp;<\/td>\n<td width=\"11%\">7.00<\/p>\n<p>&nbsp;<\/td>\n<td width=\"55%\">+Maria Kornasiewicz of. r\u00f3\u017ca MB Bolesnej<\/td>\n<\/tr>\n<tr>\n<td width=\"11%\">18.00<\/td>\n<td width=\"55%\">1. +Za dusze w czyjscu cierpi\u0105ce<\/p>\n<p>2. +Zofia, J\u00f3zef, Stanis\u0142aw Szybka<\/td>\n<\/tr>\n<tr>\n<td rowspan=\"2\" width=\"32%\"><strong>Wtorek <\/strong><\/p>\n<p>17.05.2022r.<\/p>\n<p><strong>\u00a0<\/strong><\/td>\n<td width=\"11%\">7.00<\/td>\n<td width=\"55%\">+Zofia Szul of. syn Wojciech z rodzin\u0105<\/td>\n<\/tr>\n<tr>\n<td width=\"11%\">18.00<\/td>\n<td width=\"55%\">1. + Zofia Skubel i zm. siostry z r\u00f3\u017cy Matki Mi\u0142osierdzia prze\u0142o\u017cona Teresa Marchel<\/p>\n<p>2. +Ireneusz Trojanowski of. rodzina z Beska<\/td>\n<\/tr>\n<tr>\n<td rowspan=\"2\" width=\"32%\"><strong>\u015aroda <\/strong><\/p>\n<p>18.05.2022r.<\/p>\n<p>&nbsp;<\/td>\n<td width=\"11%\">7.00<\/td>\n<td width=\"55%\">+ Jan Marsza\u0142ek of. synowie z rodzinami<\/td>\n<\/tr>\n<tr>\n<td width=\"11%\">18.00<\/td>\n<td width=\"55%\">1. +Stanis\u0142aw\u0119, Tadeusz Czech i Genowefa, W\u0142adys\u0142aw Matuszek<\/p>\n<p>2. +J\u00f3zef\u0119 Majka<\/td>\n<\/tr>\n<tr>\n<td rowspan=\"2\" width=\"32%\"><strong>Czwartek <\/strong><\/p>\n<p>19.05.2022r.<\/p>\n<p>&nbsp;<\/td>\n<td width=\"11%\">7.00<\/td>\n<td width=\"55%\">&#8211; W 70 urodziny Stanis\u0142awa\u00a0 o opiek\u0119 Bo\u017c\u0105 of. dzieci<\/td>\n<\/tr>\n<tr>\n<td width=\"11%\">18.00<\/td>\n<td width=\"55%\">1. +Wies\u0142aw Gierad i zm. z rodziny<\/p>\n<p>2. +Kazimier\u0119 Skubel of. pracownicy BUKSAN &#8211; \u0141YKO<\/td>\n<\/tr>\n<tr>\n<td rowspan=\"2\" width=\"32%\"><strong>Pi\u0105tek<\/strong><\/p>\n<p>20.05.2022r.<\/p>\n<p>&nbsp;<\/td>\n<td width=\"11%\">7.00<\/td>\n<td width=\"55%\">+Jan Marsza\u0142ek of. siostra Maria z rodzin\u0105<\/td>\n<\/tr>\n<tr>\n<td width=\"11%\">18.00<\/td>\n<td width=\"55%\">1. +Barbara Szcz\u0119sna of. c\u00f3rka Magdalena z m\u0119\u017cem<\/p>\n<p>2. +Maria Kornasiewicz of. s\u0105siedzi<\/td>\n<\/tr>\n<tr>\n<td rowspan=\"2\" width=\"32%\"><strong>Sobota <\/strong><\/p>\n<p>21.05.2022r.<\/p>\n<p>&nbsp;<\/td>\n<td width=\"11%\">7.00<\/td>\n<td width=\"55%\">-O zdrowie i b\u0142ogos\u0142awie\u0144stwo Bo\u017ce w rodzinie<\/td>\n<\/tr>\n<tr>\n<td width=\"11%\">18.00<\/td>\n<td width=\"55%\">-Dzi\u0119kczynna w 10 rocznic\u0119 \u015blubu Barbary i Micha\u0142a z pro\u015bb\u0105 o opiek\u0119 Bo\u017c\u0105 dla rodziny<\/td>\n<\/tr>\n<tr>\n<td rowspan=\"4\" width=\"32%\"><strong>\u00a06 NIEDZIELA <\/strong><\/p>\n<p><strong>WIELKANOCNA<\/strong><\/p>\n<p>22.05.2022r.<\/p>\n<p><strong>\u00a0<\/strong><\/p>\n<p>&nbsp;<\/td>\n<td width=\"11%\">7.30<\/td>\n<td width=\"55%\">+Wanda, Andrzej Wo\u0142cza\u0144scy<\/td>\n<\/tr>\n<tr>\n<td width=\"11%\">9.15<\/td>\n<td width=\"55%\">+Maria Franciszek<\/td>\n<\/tr>\n<tr>\n<td width=\"11%\">11.00<\/td>\n<td width=\"55%\"><strong>Za Parafian<\/strong><\/td>\n<\/tr>\n<tr>\n<td width=\"11%\">16.30<\/td>\n<td width=\"55%\">+J\u00f3zef Tele\u017cy\u0144ski \/23 r. \u015bm.\/<\/td>\n<\/tr>\n<\/tbody>\n<\/table>\n","protected":false},"excerpt":{"rendered":"<p>Poniedzia\u0142ek 16.05.2022r. &nbsp; 7.00 &nbsp; +Maria Kornasiewicz of. r\u00f3\u017ca MB Bolesnej 18.00 1. +Za dusze w czyjscu cierpi\u0105ce 2. +Zofia, J\u00f3zef, Stanis\u0142aw Szybka Wtorek 17.05.2022r. \u00a0 7.00 +Zofia Szul of. syn Wojciech z rodzin\u0105 18.00 1. + Zofia Skubel i zm. siostry z r\u00f3\u017cy Matki Mi\u0142osierdzia prze\u0142o\u017cona Teresa Marchel 2.<span class=\"more-link\"><a href=\"https:\/\/parafiabesko.pl\/?p=9721\">Czytaj wi\u0119cej<\/a><\/span><\/p>\n","protected":false},"author":1,"featured_media":0,"comment_status":"closed","ping_status":"open","sticky":false,"template":"","format":"standard","meta":{"footnotes":""},"categories":[4],"tags":[],"class_list":["entry","author-adminparafiibesko","post-9721","post","type-post","status-publish","format-standard","category-intencje-mszalne"],"_links":{"self":[{"href":"https:\/\/parafiabesko.pl\/index.php?rest_route=\/wp\/v2\/posts\/9721","targetHints":{"allow":["GET"]}}],"collection":[{"href":"https:\/\/parafiabesko.pl\/index.php?rest_route=\/wp\/v2\/posts"}],"about":[{"href":"https:\/\/parafiabesko.pl\/index.php?rest_route=\/wp\/v2\/types\/post"}],"author":[{"embeddable":true,"href":"https:\/\/parafiabesko.pl\/index.php?rest_route=\/wp\/v2\/users\/1"}],"replies":[{"embeddable":true,"href":"https:\/\/parafiabesko.pl\/index.php?rest_route=%2Fwp%2Fv2%2Fcomments&post=9721"}],"version-history":[{"count":0,"href":"https:\/\/parafiabesko.pl\/index.php?rest_route=\/wp\/v2\/posts\/9721\/revisions"}],"wp:attachment":[{"href":"https:\/\/parafiabesko.pl\/index.php?rest_route=%2Fwp%2Fv2%2Fmedia&parent=9721"}],"wp:term":[{"taxonomy":"category","embeddable":true,"href":"https:\/\/parafiabesko.pl\/index.php?rest_route=%2Fwp%2Fv2%2Fcategories&post=9721"},{"taxonomy":"post_tag","embeddable":true,"href":"https:\/\/parafiabesko.pl\/index.php?rest_route=%2Fwp%2Fv2%2Ftags&post=9721"}],"curies":[{"name":"wp","href":"https:\/\/api.w.org\/{rel}","templated":true}]}}