{"id":9717,"date":"2022-05-07T14:30:51","date_gmt":"2022-05-07T14:30:51","guid":{"rendered":"http:\/\/parafiabesko.pl\/?p=9717"},"modified":"2022-05-07T14:30:51","modified_gmt":"2022-05-07T14:30:51","slug":"ogloszenia-parafialne-8-05-2022r","status":"publish","type":"post","link":"https:\/\/parafiabesko.pl\/?p=9717","title":{"rendered":"Og\u0142oszenia parafialne 8.05.2022r."},"content":{"rendered":"<p><strong>\u00a04 Niedziela Wielkanocy<\/strong><\/p>\n<p><strong>Dzisiaj o godzinie 12.00 Uroczysto\u015b\u0107 Pierwszej Komunii \u015bw. Dzieci nast\u0119pnie obchodz\u0105 sobie Bia\u0142y Tydzie\u0144. Dzi\u0119kujemy rodzicom dzieci pierwszokomunijnych za ofiarowanie daru o\u0142tarza \u2013 kapy liturgicznej. B\u00f3g zap\u0142a\u0107!<\/strong><\/p>\n<p>Maj. Zach\u0119camy dzieci, m\u0142odzie\u017c i starszych do udzia\u0142u w modlitwie do Matki Bo\u017cej w tym pi\u0119knym miesi\u0105cu. Nabo\u017ce\u0144stwa majowe w Besku o godzinie 18.00 w dni powszednie, a w niedziel\u0119 i \u015bwi\u0119ta o godzinie 16.00. Dla dzieci uczestnicz\u0105cych w nabo\u017ce\u0144stwach majowych zosta\u0142y przygotowane przez Parafi\u0119 plansze z wklejanie kwiat\u00f3w do obrazu \u015bw. Rodziny. W ko\u015bcio\u0142ach filialnych nabo\u017ce\u0144stwo majowe w dni powszednie o godzinie 18.00, a w niedziel\u0119 po Mszy \u015bw. prowadz\u0105 r\u00f3\u017ce r\u00f3\u017ca\u0144cowe.<\/p>\n<p><strong>W pi\u0105tek od godz. 16.00 spowied\u017a dzieci przed Pierwsz\u0105 Rocznic\u0105 Komunii \u015bwi\u0119tej oraz uczni\u00f3w klasy \u00f3smej przed Bierzmowaniem ich rodzic\u00f3w, chrzestnych i \u015bwiadk\u00f3w bierzmowania.<\/strong><\/p>\n<p><strong>W sobot\u0119 14 maja w Sanktuarium \u015bw. Andrzeja Boboli w Strachocinie bierzmowanie dla uczni\u00f3w klasy \u00f3smej z Parafii Besko o godz. 17.00. Dojazd prywatnymi samochodami.<\/strong><\/p>\n<p><strong>W przysz\u0142\u0105 niedziel\u0119 na sumie o godz. 11.00 rocznica Pierwszej komunii \u015bw. dla dzieci klasy czwartej. <\/strong><\/p>\n<p>Dzi\u0119kujemy za sprz\u0105tanie ko\u015bcio\u0142a rodzicom kt\u00f3rych dzieci dzisiaj przyjmuj\u0105 Pierwsz\u0105 Komuni\u0119 \u015bw., a na najbli\u017csz\u0105 sobot\u0119 prosimy rodzic\u00f3w dzieci kt\u00f3re w najbli\u017csz\u0105 niedziel\u0119 b\u0119d\u0105 obchodzi\u0107 rocznic\u0119 Pierwszej Komunii \u015bw.<\/p>\n<p>Ko\u0142o Gospody\u0144 i Beskowianki zapraszaj\u0105 na maj\u00f3wki przy kapliczkach w soboty o godz. 19.00:<\/p>\n<p>&#8211; 14 maja \u2013 Krystyna, W\u0142adys\u0142aw Rysz \u2013 ul. Po\u0142udniowa<\/p>\n<p>&#8211; 21 maja \u2013 Dorota, Maciej Zelia\u015b \u2013 ul.\u00a0 Hrabe\u0144ska<\/p>\n<p>&#8211; 28 maja \u2013 Janina Suwa\u0142a ul. Hrabe\u0144ska<\/p>\n","protected":false},"excerpt":{"rendered":"<p>\u00a04 Niedziela Wielkanocy Dzisiaj o godzinie 12.00 Uroczysto\u015b\u0107 Pierwszej Komunii \u015bw. Dzieci nast\u0119pnie obchodz\u0105 sobie Bia\u0142y Tydzie\u0144. Dzi\u0119kujemy rodzicom dzieci pierwszokomunijnych za ofiarowanie daru o\u0142tarza \u2013 kapy liturgicznej. B\u00f3g zap\u0142a\u0107! Maj. Zach\u0119camy dzieci, m\u0142odzie\u017c i starszych do udzia\u0142u w modlitwie do Matki Bo\u017cej w tym pi\u0119knym miesi\u0105cu. Nabo\u017ce\u0144stwa majowe w<span class=\"more-link\"><a href=\"https:\/\/parafiabesko.pl\/?p=9717\">Czytaj wi\u0119cej<\/a><\/span><\/p>\n","protected":false},"author":1,"featured_media":0,"comment_status":"closed","ping_status":"open","sticky":false,"template":"","format":"standard","meta":{"footnotes":""},"categories":[7],"tags":[],"class_list":["entry","author-adminparafiibesko","post-9717","post","type-post","status-publish","format-standard","category-ogloszenia-parafialne"],"_links":{"self":[{"href":"https:\/\/parafiabesko.pl\/index.php?rest_route=\/wp\/v2\/posts\/9717","targetHints":{"allow":["GET"]}}],"collection":[{"href":"https:\/\/parafiabesko.pl\/index.php?rest_route=\/wp\/v2\/posts"}],"about":[{"href":"https:\/\/parafiabesko.pl\/index.php?rest_route=\/wp\/v2\/types\/post"}],"author":[{"embeddable":true,"href":"https:\/\/parafiabesko.pl\/index.php?rest_route=\/wp\/v2\/users\/1"}],"replies":[{"embeddable":true,"href":"https:\/\/parafiabesko.pl\/index.php?rest_route=%2Fwp%2Fv2%2Fcomments&post=9717"}],"version-history":[{"count":0,"href":"https:\/\/parafiabesko.pl\/index.php?rest_route=\/wp\/v2\/posts\/9717\/revisions"}],"wp:attachment":[{"href":"https:\/\/parafiabesko.pl\/index.php?rest_route=%2Fwp%2Fv2%2Fmedia&parent=9717"}],"wp:term":[{"taxonomy":"category","embeddable":true,"href":"https:\/\/parafiabesko.pl\/index.php?rest_route=%2Fwp%2Fv2%2Fcategories&post=9717"},{"taxonomy":"post_tag","embeddable":true,"href":"https:\/\/parafiabesko.pl\/index.php?rest_route=%2Fwp%2Fv2%2Ftags&post=9717"}],"curies":[{"name":"wp","href":"https:\/\/api.w.org\/{rel}","templated":true}]}}