{"id":9714,"date":"2022-05-07T14:23:54","date_gmt":"2022-05-07T14:23:54","guid":{"rendered":"http:\/\/parafiabesko.pl\/?p=9714"},"modified":"2022-05-07T14:23:54","modified_gmt":"2022-05-07T14:23:54","slug":"intencje-mszalne-9-15-05-2022r","status":"publish","type":"post","link":"https:\/\/parafiabesko.pl\/?p=9714","title":{"rendered":"Intencje mszalne 9-15.05.2022r."},"content":{"rendered":"<table width=\"101%\">\n<tbody>\n<tr>\n<td colspan=\"3\" width=\"100%\"><strong>4 Niedziela Wielkanocna<\/strong><\/td>\n<\/tr>\n<tr>\n<td rowspan=\"2\" width=\"32%\"><strong>Poniedzia\u0142ek<\/strong><\/p>\n<p>9.05.2022r.<\/p>\n<p>&nbsp;<\/td>\n<td width=\"11%\">7.00<\/p>\n<p>&nbsp;<\/td>\n<td width=\"55%\">+Zdzis\u0142aw J\u00f3zefczyk of. c\u00f3rka z rodzin\u0105<\/td>\n<\/tr>\n<tr>\n<td width=\"11%\">18.00<\/td>\n<td width=\"55%\">1. +Stanis\u0142aw, Stanis\u0142aw\u0119, Stefani\u0119 i Stanis\u0142aw<\/p>\n<p>2. +Zdzis\u0142aw Rajter \/8 r. \u015bm.\/<\/td>\n<\/tr>\n<tr>\n<td rowspan=\"2\" width=\"32%\"><strong>Wtorek <\/strong><\/p>\n<p>10.05.2022r.<\/p>\n<p><strong>\u00a0<\/strong><\/td>\n<td width=\"11%\">7.00<\/td>\n<td width=\"55%\">+Stanis\u0142aw i zm. z rodziny<\/td>\n<\/tr>\n<tr>\n<td width=\"11%\">18.00<\/td>\n<td width=\"55%\">1. +Henryk, Stanis\u0142aw\u0119 Szybka<\/p>\n<p>2. +Stanis\u0142aw Antonina Mikosz<\/td>\n<\/tr>\n<tr>\n<td rowspan=\"2\" width=\"32%\"><strong>\u015aroda <\/strong><\/p>\n<p>11.05.2022r.<\/p>\n<p>&nbsp;<\/td>\n<td width=\"11%\">7.00<\/td>\n<td width=\"55%\">&#8211; W intencji P. Bogu wiadomej<\/td>\n<\/tr>\n<tr>\n<td width=\"11%\">18.00<\/td>\n<td width=\"55%\">1. +J\u00f3zef\u0119, Stanis\u0142aw, Edward Szul<\/p>\n<p>2. \u2013 Dzi\u0119kczynna w 70 urodziny Stanis\u0142awy z pro\u015bb\u0105 o opiek\u0119 Bo\u017c\u0105 of. dzieci z rodzinami<\/td>\n<\/tr>\n<tr>\n<td rowspan=\"2\" width=\"32%\"><strong>Czwartek <\/strong><\/p>\n<p>12.05.2022r.<\/p>\n<p>&nbsp;<\/td>\n<td width=\"11%\">7.00<\/td>\n<td width=\"55%\">+Maria Kornasiewicz of. c\u00f3rka Ma\u0142gorzata z dzie\u0107mi<\/td>\n<\/tr>\n<tr>\n<td width=\"11%\">18.00<\/td>\n<td width=\"55%\">1. +Zofia Pitrus \/1 r. \u015bm.\/<\/p>\n<p>2. \u2013 W 30 r. urodzin Krzysztofa z pro\u015bb\u0105 o opiek\u0119 Bo\u017c\u0105 dla rodziny of. mama<\/td>\n<\/tr>\n<tr>\n<td rowspan=\"2\" width=\"32%\"><strong>Pi\u0105tek<\/strong><\/p>\n<p>13.05.2022r.<\/p>\n<p>&nbsp;<\/td>\n<td width=\"11%\">7.00<\/td>\n<td width=\"55%\">+Jan Marsza\u0142ek of. c\u00f3rki z rodzinami<\/td>\n<\/tr>\n<tr>\n<td width=\"11%\">18.00<\/td>\n<td width=\"55%\">1. Pro\u015bba o \u0142ask\u0119 zdrowia si\u00f3str i ich rodzin z r\u00f3\u017cy Siostry Faustyny<\/p>\n<p>2. +J\u00f3zef\u0119 Filipowicz of. siostra Zofia z rodzin\u0105<\/td>\n<\/tr>\n<tr>\n<td rowspan=\"2\" width=\"32%\"><strong>Sobota <\/strong><\/p>\n<p>14.05.2022r.<\/p>\n<p>&nbsp;<\/td>\n<td width=\"11%\">7.00<\/td>\n<td width=\"55%\">+Kazimierz Wr\u00f3bel \/1 r. \u015bm.\/\u00a0 i zm. z rodziny of. Tomasz z rodzin\u0105<\/td>\n<\/tr>\n<tr>\n<td width=\"11%\">18.00<\/td>\n<td width=\"55%\">1. \u2013 Dzi\u0119kczynna w 15 r. \u015blubu Katarzyny i Marcina z pro\u015bb\u0105 o opiek\u0119 Bo\u017c\u0105 dla rodziny<\/p>\n<p>2. +Urszula Fedio i zm. z rodziny \/poza Parafi\u0105\/<\/td>\n<\/tr>\n<tr>\n<td rowspan=\"4\" width=\"32%\"><strong>\u00a05 NIEDZIELA <\/strong><\/p>\n<p><strong>WIELKANOCNA<\/strong><\/p>\n<p>15.05.2022r.<\/p>\n<p><strong>\u00a0<\/strong><\/p>\n<p>&nbsp;<\/td>\n<td width=\"11%\">7.30<\/td>\n<td width=\"55%\">+Antoni Kr\u0119\u017cel i zm. z rodziny<\/td>\n<\/tr>\n<tr>\n<td width=\"11%\">9.15<\/td>\n<td width=\"55%\">+Zofia, J\u00f3zef, Jolanta, Zbigniew<\/td>\n<\/tr>\n<tr>\n<td width=\"11%\">11.00<\/td>\n<td width=\"55%\"><strong>Pierwsza Rocznica Komunii \u015awi\u0119tej<\/strong><\/td>\n<\/tr>\n<tr>\n<td width=\"11%\">16.30<\/td>\n<td width=\"55%\">O b\u0142og. Bo\u017ce dla Joanny i Macieja w 1 r. \u015blubu<\/td>\n<\/tr>\n<\/tbody>\n<\/table>\n","protected":false},"excerpt":{"rendered":"<p>4 Niedziela Wielkanocna Poniedzia\u0142ek 9.05.2022r. &nbsp; 7.00 &nbsp; +Zdzis\u0142aw J\u00f3zefczyk of. c\u00f3rka z rodzin\u0105 18.00 1. +Stanis\u0142aw, Stanis\u0142aw\u0119, Stefani\u0119 i Stanis\u0142aw 2. +Zdzis\u0142aw Rajter \/8 r. \u015bm.\/ Wtorek 10.05.2022r. \u00a0 7.00 +Stanis\u0142aw i zm. z rodziny 18.00 1. +Henryk, Stanis\u0142aw\u0119 Szybka 2. +Stanis\u0142aw Antonina Mikosz \u015aroda 11.05.2022r. &nbsp; 7.00 &#8211;<span class=\"more-link\"><a href=\"https:\/\/parafiabesko.pl\/?p=9714\">Czytaj wi\u0119cej<\/a><\/span><\/p>\n","protected":false},"author":1,"featured_media":0,"comment_status":"closed","ping_status":"open","sticky":false,"template":"","format":"standard","meta":{"footnotes":""},"categories":[4],"tags":[],"class_list":["entry","author-adminparafiibesko","post-9714","post","type-post","status-publish","format-standard","category-intencje-mszalne"],"_links":{"self":[{"href":"https:\/\/parafiabesko.pl\/index.php?rest_route=\/wp\/v2\/posts\/9714","targetHints":{"allow":["GET"]}}],"collection":[{"href":"https:\/\/parafiabesko.pl\/index.php?rest_route=\/wp\/v2\/posts"}],"about":[{"href":"https:\/\/parafiabesko.pl\/index.php?rest_route=\/wp\/v2\/types\/post"}],"author":[{"embeddable":true,"href":"https:\/\/parafiabesko.pl\/index.php?rest_route=\/wp\/v2\/users\/1"}],"replies":[{"embeddable":true,"href":"https:\/\/parafiabesko.pl\/index.php?rest_route=%2Fwp%2Fv2%2Fcomments&post=9714"}],"version-history":[{"count":0,"href":"https:\/\/parafiabesko.pl\/index.php?rest_route=\/wp\/v2\/posts\/9714\/revisions"}],"wp:attachment":[{"href":"https:\/\/parafiabesko.pl\/index.php?rest_route=%2Fwp%2Fv2%2Fmedia&parent=9714"}],"wp:term":[{"taxonomy":"category","embeddable":true,"href":"https:\/\/parafiabesko.pl\/index.php?rest_route=%2Fwp%2Fv2%2Fcategories&post=9714"},{"taxonomy":"post_tag","embeddable":true,"href":"https:\/\/parafiabesko.pl\/index.php?rest_route=%2Fwp%2Fv2%2Ftags&post=9714"}],"curies":[{"name":"wp","href":"https:\/\/api.w.org\/{rel}","templated":true}]}}