{"id":9711,"date":"2022-05-01T21:13:53","date_gmt":"2022-05-01T21:13:53","guid":{"rendered":"http:\/\/parafiabesko.pl\/?p=9711"},"modified":"2022-05-01T21:13:53","modified_gmt":"2022-05-01T21:13:53","slug":"ogloszenia-1-05-2022r","status":"publish","type":"post","link":"https:\/\/parafiabesko.pl\/?p=9711","title":{"rendered":"Og\u0142oszenia parafialne 1.05.2022r."},"content":{"rendered":"<h5>3 Niedziela Wielkanocy<\/h5>\n<p>Dzisiaj Niedziela Adoracyjna. Od godz. 12.00 do 16.00 prywatna adoracja rodzin naszej Parafii. O godz. 16.00 nabo\u017ce\u0144stwo majowe i zmiana tajemnic.<\/p>\n<p>Od poniedzia\u0142ku spowied\u017a przed I pi\u0105tkiem miesi\u0105ca rano i wieczorem przed Msz\u0105 \u015bwi\u0119t\u0105. Dzieci i m\u0142odzie\u017c zapraszamy we \u015brod\u0119 od godziny 17.00.<\/p>\n<p>Dzisiaj 1 maja pocz\u0105tek nabo\u017ce\u0144stw majowych. Zach\u0119camy dzieci, m\u0142odzie\u017c i starszych do udzia\u0142u w modlitwie do Matki Bo\u017cej w tym pi\u0119knym miesi\u0105cu. Nabo\u017ce\u0144stwa majowe w Besku o godzinie 18.00 w dni powszednie, a w niedziel\u0119 i \u015bwi\u0119ta o godzinie 16.00. Dla dzieci uczestnicz\u0105cych w nabo\u017ce\u0144stwach majowych zosta\u0142y przygotowane przez Parafi\u0119 plansze z wklejanie kwiat\u00f3w do obrazu \u015bw. Rodziny. W ko\u015bcio\u0142ach filialnych nabo\u017ce\u0144stwo majowe w dni powszednie o godzinie 18.00, a w niedziel\u0119 po Mszy \u015bw. prowadz\u0105 r\u00f3\u017ce r\u00f3\u017ca\u0144cowe.<\/p>\n<p>We wtorek <strong>3 maja &#8211; Uroczysto\u015b\u0107 NMP Kr\u00f3lowej Polski G\u0142\u00f3wnej Patronki Polski i Archidiecezji Przemyskiej.<\/strong> Porz\u0105dek Mszy \u015bwi\u0119tej w Besku: rano o godzinie 7.30, suma o godzinie 10.00 i po po\u0142udniu o godzinie 16.00 nabo\u017ce\u0144stwo majowe i Msza \u015bwi\u0119ta. W ko\u015bcio\u0142ach filialnych Msza \u015bw. i nabo\u017ce\u0144stwo majowe o godz. 10.00.<\/p>\n<p>Pierwszy pi\u0105tek miesi\u0105ca o godz. 7.00 Msza \u015bw. i adoracja, adoruje r\u00f3\u017ca MB Cz\u0119stochowskiej prze\u0142o\u017cona Helena Folcik. Wieczorem o godz. 18.00 nabo\u017ce\u0144stwo majowe i Msza \u015bw. W ko\u015bcio\u0142ach filialnych w Mymoniu i Por\u0119bach o godz. 16.00 spowied\u017a, nabo\u017ce\u0144stwo majowe i Msza \u015bw. Chorych w Besku b\u0119dziemy odwiedza\u0107 od godz. 8.00.<\/p>\n<p>W sobot\u0119 o godz. 9.00 spowied\u017a przed Pierwsz\u0105 komuni\u0105 \u015bw. dzieci, rodzic\u00f3w, chrzestnych i rodzin.<\/p>\n<p>Pierwsza sobota miesi\u0105ca o godzinie 7.00 Msza \u015bwi\u0119ta i nabo\u017ce\u0144stwo do Matki Bo\u017cej adoruje r\u00f3\u017ca Matki Mi\u0142osierdzia prze\u0142o\u017cona Teresa Marchel. <strong>Wieczorem o godzinie 20.00 pierwsze w tym roku nabo\u017ce\u0144stwo fatimskie.<\/strong><\/p>\n<p>W najbli\u017csz\u0105 niedziel\u0119 <strong>Uroczysto\u015b\u0107 Pierwszej Komunii \u015bwi\u0119tej na Mszy \u015bw. o godz. 12.00.<\/strong><\/p>\n<p>Dzi\u0119kujemy za sprz\u0105tanie ko\u015bcio\u0142a i ofiary z\u0142o\u017cone na kwiaty. W tym tygodniu ko\u015bci\u00f3\u0142 sprz\u0105taj\u0105 rodzice dzieci pierwszokomunijnych.<\/p>\n","protected":false},"excerpt":{"rendered":"<p>3 Niedziela Wielkanocy Dzisiaj Niedziela Adoracyjna. Od godz. 12.00 do 16.00 prywatna adoracja rodzin naszej Parafii. O godz. 16.00 nabo\u017ce\u0144stwo majowe i zmiana tajemnic. Od poniedzia\u0142ku spowied\u017a przed I pi\u0105tkiem miesi\u0105ca rano i wieczorem przed Msz\u0105 \u015bwi\u0119t\u0105. Dzieci i m\u0142odzie\u017c zapraszamy we \u015brod\u0119 od godziny 17.00. Dzisiaj 1 maja pocz\u0105tek<span class=\"more-link\"><a href=\"https:\/\/parafiabesko.pl\/?p=9711\">Czytaj wi\u0119cej<\/a><\/span><\/p>\n","protected":false},"author":1,"featured_media":0,"comment_status":"closed","ping_status":"open","sticky":false,"template":"","format":"standard","meta":{"footnotes":""},"categories":[7],"tags":[],"class_list":["entry","author-adminparafiibesko","post-9711","post","type-post","status-publish","format-standard","category-ogloszenia-parafialne"],"_links":{"self":[{"href":"https:\/\/parafiabesko.pl\/index.php?rest_route=\/wp\/v2\/posts\/9711","targetHints":{"allow":["GET"]}}],"collection":[{"href":"https:\/\/parafiabesko.pl\/index.php?rest_route=\/wp\/v2\/posts"}],"about":[{"href":"https:\/\/parafiabesko.pl\/index.php?rest_route=\/wp\/v2\/types\/post"}],"author":[{"embeddable":true,"href":"https:\/\/parafiabesko.pl\/index.php?rest_route=\/wp\/v2\/users\/1"}],"replies":[{"embeddable":true,"href":"https:\/\/parafiabesko.pl\/index.php?rest_route=%2Fwp%2Fv2%2Fcomments&post=9711"}],"version-history":[{"count":0,"href":"https:\/\/parafiabesko.pl\/index.php?rest_route=\/wp\/v2\/posts\/9711\/revisions"}],"wp:attachment":[{"href":"https:\/\/parafiabesko.pl\/index.php?rest_route=%2Fwp%2Fv2%2Fmedia&parent=9711"}],"wp:term":[{"taxonomy":"category","embeddable":true,"href":"https:\/\/parafiabesko.pl\/index.php?rest_route=%2Fwp%2Fv2%2Fcategories&post=9711"},{"taxonomy":"post_tag","embeddable":true,"href":"https:\/\/parafiabesko.pl\/index.php?rest_route=%2Fwp%2Fv2%2Ftags&post=9711"}],"curies":[{"name":"wp","href":"https:\/\/api.w.org\/{rel}","templated":true}]}}