{"id":9709,"date":"2022-05-01T21:09:26","date_gmt":"2022-05-01T21:09:26","guid":{"rendered":"http:\/\/parafiabesko.pl\/?p=9709"},"modified":"2022-05-01T21:09:26","modified_gmt":"2022-05-01T21:09:26","slug":"intencje-mszalne-2-9-05-2022r","status":"publish","type":"post","link":"https:\/\/parafiabesko.pl\/?p=9709","title":{"rendered":"Intencje mszalne 2-9.05.2022r."},"content":{"rendered":"<table width=\"562\">\n<tbody>\n<tr>\n<td rowspan=\"2\" width=\"120\"><strong>Poniedzia\u0142ek<\/strong><\/p>\n<p>&nbsp;<\/td>\n<td width=\"88\">7.00<\/td>\n<td width=\"354\">+Zofia Smolik of. s\u0105siedzi z ul. Sadowej<\/td>\n<\/tr>\n<tr>\n<td width=\"88\">18.00<\/td>\n<td width=\"354\">1. +J\u00f3zef\u0119 Filipowicz of. Jurek z rodzin\u0105<\/p>\n<p>2. +Czes\u0142aw\u0119 Czapli\u0144sk\u0105 \/10 r. \u015bm.\/<\/td>\n<\/tr>\n<tr>\n<td rowspan=\"2\" width=\"120\"><strong>Wtorek<\/strong><\/p>\n<p><strong>MB<\/strong><\/p>\n<p><strong>Kr\u00f3lowej<\/strong><\/p>\n<p><strong>Polski<\/strong><\/p>\n<p>&nbsp;<\/td>\n<td width=\"88\">7.30<\/td>\n<td width=\"354\">+Stanis\u0142aw Mroczkowski \/21 r. \u015bm.\/<\/td>\n<\/tr>\n<tr>\n<td width=\"88\"><strong>10.00<\/strong><\/p>\n<p>16.00<\/td>\n<td width=\"354\"><strong>&#8211; W intencji stra\u017cak\u00f3w<\/strong><\/p>\n<p>+Jakub Kurpiel \/7 r. \u015bm.\/<\/td>\n<\/tr>\n<tr>\n<td rowspan=\"2\" width=\"120\"><strong>\u015aroda<\/strong><\/p>\n<p>&nbsp;<\/td>\n<td width=\"88\">7.00<\/td>\n<td width=\"354\">+J\u00f3zef Kopecki of. siostra Krystyna z rodzin\u0105<\/td>\n<\/tr>\n<tr>\n<td width=\"88\">18.00<\/td>\n<td width=\"354\">1. +Stanis\u0142aw J\u00f3zefczyk of. siostra Zofia<\/p>\n<p>2. +Wanda Skubel \/37 r. \u015bm.\/<\/td>\n<\/tr>\n<tr>\n<td rowspan=\"2\" width=\"120\"><strong>Czwartek<\/strong><\/p>\n<p>&nbsp;<\/td>\n<td width=\"88\">7.00<\/td>\n<td width=\"354\">+Zofia Smolik of. wnuczka Izabela z rodzin\u0105<\/td>\n<\/tr>\n<tr>\n<td width=\"88\">18.00<\/td>\n<td width=\"354\">1. +Irena Suwa\u0142a of. siostry<\/p>\n<p>2. +Irena, Jacek \u015aliwka<\/td>\n<\/tr>\n<tr>\n<td rowspan=\"2\" width=\"120\"><strong>Pi\u0105tek<\/strong><\/p>\n<p>&nbsp;<\/td>\n<td width=\"88\">7.00<\/td>\n<td width=\"354\">+Andrzej Borkowski i zm. z rodziny<\/td>\n<\/tr>\n<tr>\n<td width=\"88\">18.00<\/td>\n<td width=\"354\">+Stanis\u0142aw Mroczkowski i zm. z rodziny<\/td>\n<\/tr>\n<tr>\n<td rowspan=\"2\" width=\"120\"><strong>Sobota<\/strong><\/p>\n<p>&nbsp;<\/td>\n<td width=\"88\">7.00<\/td>\n<td width=\"354\">+Ma\u0142gorzata Dziok of. kole\u017canki synowej Sabiny<\/td>\n<\/tr>\n<tr>\n<td width=\"88\">FATIMA<br \/>\n20.00<\/td>\n<td width=\"354\">+Stanis\u0142awa, Eugeniusz Szybka of. dzieci<\/td>\n<\/tr>\n<tr>\n<td rowspan=\"4\" width=\"120\"><strong>Niedziela<\/strong><\/p>\n<p>&nbsp;<\/td>\n<td width=\"88\">7.30<\/td>\n<td width=\"354\">+Jakub Kurpiel \/8 r. \u015bm.\/<\/td>\n<\/tr>\n<tr>\n<td width=\"88\">9.15<\/td>\n<td width=\"354\">+Stanis\u0142aw, Edward, \u0141ukasz Chyna\u0142<\/td>\n<\/tr>\n<tr>\n<td width=\"88\">11.00<\/p>\n<p>&nbsp;<\/p>\n<p><strong>12.00<\/strong><\/td>\n<td width=\"354\">+Stanis\u0142aw Stapi\u0144ski, Stanis\u0142aw\u0119 Bobak \/4 r. \u015bm.\/ i zm. rodzice<\/p>\n<p><strong>Pierwsza Komunia \u015bwi\u0119ta<\/strong><\/td>\n<\/tr>\n<tr>\n<td width=\"88\">16.30<\/td>\n<td width=\"354\">+Stanis\u0142aw Rodzinka<\/td>\n<\/tr>\n<\/tbody>\n<\/table>\n","protected":false},"excerpt":{"rendered":"<p>Poniedzia\u0142ek &nbsp; 7.00 +Zofia Smolik of. s\u0105siedzi z ul. Sadowej 18.00 1. +J\u00f3zef\u0119 Filipowicz of. Jurek z rodzin\u0105 2. +Czes\u0142aw\u0119 Czapli\u0144sk\u0105 \/10 r. \u015bm.\/ Wtorek MB Kr\u00f3lowej Polski &nbsp; 7.30 +Stanis\u0142aw Mroczkowski \/21 r. \u015bm.\/ 10.00 16.00 &#8211; W intencji stra\u017cak\u00f3w +Jakub Kurpiel \/7 r. \u015bm.\/ \u015aroda &nbsp; 7.00 +J\u00f3zef<span class=\"more-link\"><a href=\"https:\/\/parafiabesko.pl\/?p=9709\">Czytaj wi\u0119cej<\/a><\/span><\/p>\n","protected":false},"author":1,"featured_media":0,"comment_status":"closed","ping_status":"open","sticky":false,"template":"","format":"standard","meta":{"footnotes":""},"categories":[4],"tags":[],"class_list":["entry","author-adminparafiibesko","post-9709","post","type-post","status-publish","format-standard","category-intencje-mszalne"],"_links":{"self":[{"href":"https:\/\/parafiabesko.pl\/index.php?rest_route=\/wp\/v2\/posts\/9709","targetHints":{"allow":["GET"]}}],"collection":[{"href":"https:\/\/parafiabesko.pl\/index.php?rest_route=\/wp\/v2\/posts"}],"about":[{"href":"https:\/\/parafiabesko.pl\/index.php?rest_route=\/wp\/v2\/types\/post"}],"author":[{"embeddable":true,"href":"https:\/\/parafiabesko.pl\/index.php?rest_route=\/wp\/v2\/users\/1"}],"replies":[{"embeddable":true,"href":"https:\/\/parafiabesko.pl\/index.php?rest_route=%2Fwp%2Fv2%2Fcomments&post=9709"}],"version-history":[{"count":0,"href":"https:\/\/parafiabesko.pl\/index.php?rest_route=\/wp\/v2\/posts\/9709\/revisions"}],"wp:attachment":[{"href":"https:\/\/parafiabesko.pl\/index.php?rest_route=%2Fwp%2Fv2%2Fmedia&parent=9709"}],"wp:term":[{"taxonomy":"category","embeddable":true,"href":"https:\/\/parafiabesko.pl\/index.php?rest_route=%2Fwp%2Fv2%2Fcategories&post=9709"},{"taxonomy":"post_tag","embeddable":true,"href":"https:\/\/parafiabesko.pl\/index.php?rest_route=%2Fwp%2Fv2%2Ftags&post=9709"}],"curies":[{"name":"wp","href":"https:\/\/api.w.org\/{rel}","templated":true}]}}