{"id":9706,"date":"2022-04-23T19:00:29","date_gmt":"2022-04-23T19:00:29","guid":{"rendered":"http:\/\/parafiabesko.pl\/?p=9706"},"modified":"2022-04-23T19:00:29","modified_gmt":"2022-04-23T19:00:29","slug":"ogloszenia-parafialne-24-04-2022r","status":"publish","type":"post","link":"https:\/\/parafiabesko.pl\/?p=9706","title":{"rendered":"Og\u0142oszenia parafialne 24.04.2022r."},"content":{"rendered":"<h5><strong>II Niedziela po Wielkanocna<\/strong><\/h5>\n<p>&nbsp;<\/p>\n<p>Dzisiaj \u2013 <strong>Niedziela Mi\u0142osierdzia Bo\u017cego<\/strong>. W Besku Msze \u015bwi\u0119te odprawione b\u0119d\u0105: 7.30, 9.15. suma o godz. 11.00 a po po\u0142udniu o godz. 16.15 Koronka do Bo\u017cego Mi\u0142osierdzia i Msza \u015bwi\u0119ta. <strong>Odpust w Mymonu o godz. 11.45 Koronka do Bo\u017cego Mi\u0142osierdzia i Msza \u015bw. odpustowa o 12.00<\/strong>.\u00a0Msza \u015bw. w Por\u0119bach b\u0119dzie odprawiona o godz. 10.00.<\/p>\n<p><strong><u>Dzisiaj po Mszach \u015bw. zbi\u00f3rka do puszki na potrzeby Caritas.<\/u><\/strong><\/p>\n<p>Dzisiaj rozpoczyna si\u0119 Tydzie\u0144 Mi\u0142osierdzia.<\/p>\n<p>W poniedzia\u0142ek Mszy \u015bw. wieczorowej nie b\u0119dzie ze wzgl\u0119du na rejonow\u0105 kongregacj\u0119 kap\u0142a\u0144sk\u0105 w Sanoku..<\/p>\n<p>We wtorek uroczysto\u015b\u0107 \u015bw. Wojciecha, biskupa i m\u0119czennika. Patrona Polski, przeniesiona z 23 kwietnia ze wzgl\u0119du na Oktaw\u0119 Wielkanocy, o godz. 18.00 Nabo\u017ce\u0144stwo do Bo\u017cego Mi\u0142osierdzia.<\/p>\n<p>We \u015brod\u0119 o godz. 18.00 Nowenna do Matki Bo\u017cej Nieustaj\u0105cej Pomocy.<\/p>\n<p>W przysz\u0142\u0105 Niedziel\u0119 Niedziela Adoracyjna. Od godz. 12.00 do 16.00 prywatna adoracja rodzin naszej Parafii. O godz. 16.00 nabo\u017ce\u0144stwo majowe i zmiana tajemnic.<\/p>\n<p>Zach\u0119camy muzyk\u00f3w, aby tak jak w ubieg\u0142ym roku w \u015bwi\u0119ta i niedziele miesi\u0105ca maja na p\u00f3\u0142 godziny przed nabo\u017ce\u0144stwem majowym zagrali koncert pie\u015bni maryjnych z balkonu nowego ko\u015bcio\u0142a.<\/p>\n","protected":false},"excerpt":{"rendered":"<p>II Niedziela po Wielkanocna &nbsp; Dzisiaj \u2013 Niedziela Mi\u0142osierdzia Bo\u017cego. W Besku Msze \u015bwi\u0119te odprawione b\u0119d\u0105: 7.30, 9.15. suma o godz. 11.00 a po po\u0142udniu o godz. 16.15 Koronka do Bo\u017cego Mi\u0142osierdzia i Msza \u015bwi\u0119ta. Odpust w Mymonu o godz. 11.45 Koronka do Bo\u017cego Mi\u0142osierdzia i Msza \u015bw. odpustowa o<span class=\"more-link\"><a href=\"https:\/\/parafiabesko.pl\/?p=9706\">Czytaj wi\u0119cej<\/a><\/span><\/p>\n","protected":false},"author":1,"featured_media":0,"comment_status":"closed","ping_status":"open","sticky":false,"template":"","format":"standard","meta":{"footnotes":""},"categories":[7],"tags":[],"class_list":["entry","author-adminparafiibesko","post-9706","post","type-post","status-publish","format-standard","category-ogloszenia-parafialne"],"_links":{"self":[{"href":"https:\/\/parafiabesko.pl\/index.php?rest_route=\/wp\/v2\/posts\/9706","targetHints":{"allow":["GET"]}}],"collection":[{"href":"https:\/\/parafiabesko.pl\/index.php?rest_route=\/wp\/v2\/posts"}],"about":[{"href":"https:\/\/parafiabesko.pl\/index.php?rest_route=\/wp\/v2\/types\/post"}],"author":[{"embeddable":true,"href":"https:\/\/parafiabesko.pl\/index.php?rest_route=\/wp\/v2\/users\/1"}],"replies":[{"embeddable":true,"href":"https:\/\/parafiabesko.pl\/index.php?rest_route=%2Fwp%2Fv2%2Fcomments&post=9706"}],"version-history":[{"count":0,"href":"https:\/\/parafiabesko.pl\/index.php?rest_route=\/wp\/v2\/posts\/9706\/revisions"}],"wp:attachment":[{"href":"https:\/\/parafiabesko.pl\/index.php?rest_route=%2Fwp%2Fv2%2Fmedia&parent=9706"}],"wp:term":[{"taxonomy":"category","embeddable":true,"href":"https:\/\/parafiabesko.pl\/index.php?rest_route=%2Fwp%2Fv2%2Fcategories&post=9706"},{"taxonomy":"post_tag","embeddable":true,"href":"https:\/\/parafiabesko.pl\/index.php?rest_route=%2Fwp%2Fv2%2Ftags&post=9706"}],"curies":[{"name":"wp","href":"https:\/\/api.w.org\/{rel}","templated":true}]}}