{"id":9704,"date":"2022-04-23T18:55:28","date_gmt":"2022-04-23T18:55:28","guid":{"rendered":"http:\/\/parafiabesko.pl\/?p=9704"},"modified":"2022-04-23T18:55:28","modified_gmt":"2022-04-23T18:55:28","slug":"intencje-mszalne-25-30-04-2022r","status":"publish","type":"post","link":"https:\/\/parafiabesko.pl\/?p=9704","title":{"rendered":"Intencje mszalne 25-30.04.2022r."},"content":{"rendered":"<table width=\"101%\">\n<tbody>\n<tr>\n<td width=\"32%\"><strong>Poniedzia\u0142ek<\/strong><\/p>\n<p>&nbsp;<\/td>\n<td width=\"11%\">7.00<\/p>\n<p>&nbsp;<\/td>\n<td width=\"55%\">1.\u00a0\u00a0\u00a0\u00a0\u00a0 +Edward Pojnar \/11 r. \u015bm.\/<\/p>\n<p>2.\u00a0\u00a0\u00a0\u00a0\u00a0 +Stanis\u0142aw, J\u00f3zef\u0119, Jan, J\u00f3zef i Tomasz Bury<\/p>\n<p>3.\u00a0\u00a0\u00a0\u00a0\u00a0 -Dzi\u0119kczynna w 39 r. \u015blubu z pro\u015bb\u0105 o opiek\u0119 Bo\u017c\u0105 dla rodziny<\/td>\n<\/tr>\n<tr>\n<td rowspan=\"2\" width=\"32%\"><strong>Wtorek <\/strong><\/p>\n<p><strong>\u00a0<\/strong><\/td>\n<td width=\"11%\">7.00<\/td>\n<td width=\"55%\">+Zofia Smolik of. c\u00f3rka Dorota z rodzin\u0105<\/td>\n<\/tr>\n<tr>\n<td width=\"11%\">18.00<\/td>\n<td width=\"55%\">1. +Stanis\u0142aw\u0119 Wasielak<\/p>\n<p>2. +Bronis\u0142aw Wasielak \/poza Parafi\u0105\/<\/td>\n<\/tr>\n<tr>\n<td rowspan=\"2\" width=\"32%\"><strong>\u015aroda\u00a0 <\/strong><\/p>\n<p>&nbsp;<\/td>\n<td width=\"11%\">7.00<\/td>\n<td width=\"55%\">+Artur Borkowski i zm. z rodziny<\/td>\n<\/tr>\n<tr>\n<td width=\"11%\">18.00<\/td>\n<td width=\"55%\">1. +Stanis\u0142aw De\u0144ko \/7 r. \u015bm.\/<\/p>\n<p>2. +Stanis\u0142aw Kornasiewicz \/11 r. \u015bm.\/, \/poza Parafi\u0105\/<\/td>\n<\/tr>\n<tr>\n<td rowspan=\"2\" width=\"32%\"><strong>Czwartek <\/strong><\/p>\n<p>&nbsp;<\/td>\n<td width=\"11%\">7.00<\/td>\n<td width=\"55%\">+Kazimierz \/2 r. \u015bm.\/ i J\u00f3zef\u0119 Czech<\/td>\n<\/tr>\n<tr>\n<td width=\"11%\">18.00<\/td>\n<td width=\"55%\">1. +J\u00f3zef Szul \/14 r. \u015bm.\/ i Maria<\/p>\n<p>2. +J\u00f3zef\u0119 Filipowicz of. Zofia i Kazimierz z rodzin\u0105 \/poza Parafi\u0105\/<\/td>\n<\/tr>\n<tr>\n<td rowspan=\"2\" width=\"32%\"><strong>Pi\u0105tek<\/strong><\/p>\n<p>&nbsp;<\/td>\n<td width=\"11%\">7.00<\/td>\n<td width=\"55%\">+J\u00f3zef Kopecki of. brat Jerzy z rodzin\u0105<\/td>\n<\/tr>\n<tr>\n<td width=\"11%\">18.00<\/td>\n<td width=\"55%\">1. +Jan D\u0119biec i zm. z rodziny<\/p>\n<p>2. \u2013 O opiek\u0119 Bo\u017c\u0105 dla rodzin z r\u00f3\u017cy MB Kr\u00f3lowej Polski \/poza Parafi\u0105\/<\/td>\n<\/tr>\n<tr>\n<td rowspan=\"2\" width=\"32%\"><strong>Sobota <\/strong><\/p>\n<p>&nbsp;<\/td>\n<td width=\"11%\">7.00<\/td>\n<td width=\"55%\">&#8211; O pomy\u015blne zdanie matury i dary Ducha \u015bw.<\/td>\n<\/tr>\n<tr>\n<td width=\"11%\">18.00<\/td>\n<td width=\"55%\">1. +Kazimiera \/4 r. \u015bm.\/ i Jan Szul<\/p>\n<p>2. +J\u00f3zef \/8 r. \u015bm.\/ i Daniela Urban<\/td>\n<\/tr>\n<tr>\n<td rowspan=\"4\" width=\"32%\"><strong>NIEDZIELA <\/strong><\/p>\n<p><strong>\u00a0<\/strong><\/p>\n<p>&nbsp;<\/td>\n<td width=\"11%\">7.30<\/td>\n<td width=\"55%\">+J\u00f3zef Smolik \/2 r. \u015bm.\/<\/td>\n<\/tr>\n<tr>\n<td width=\"11%\">9.15<\/td>\n<td width=\"55%\">+Zbigniew Sza\u0142ankiewicz \/11 r. \u015bm.\/<\/td>\n<\/tr>\n<tr>\n<td width=\"11%\">11.00<\/td>\n<td width=\"55%\"><strong>Za Parafian<\/strong><\/td>\n<\/tr>\n<tr>\n<td width=\"11%\">16.30<\/td>\n<td width=\"55%\">+Eugeniusz Szybka \/17 r. \u015bm.\/ of c\u00f3rki z rodzinami<\/td>\n<\/tr>\n<\/tbody>\n<\/table>\n","protected":false},"excerpt":{"rendered":"<p>Poniedzia\u0142ek &nbsp; 7.00 &nbsp; 1.\u00a0\u00a0\u00a0\u00a0\u00a0 +Edward Pojnar \/11 r. \u015bm.\/ 2.\u00a0\u00a0\u00a0\u00a0\u00a0 +Stanis\u0142aw, J\u00f3zef\u0119, Jan, J\u00f3zef i Tomasz Bury 3.\u00a0\u00a0\u00a0\u00a0\u00a0 -Dzi\u0119kczynna w 39 r. \u015blubu z pro\u015bb\u0105 o opiek\u0119 Bo\u017c\u0105 dla rodziny Wtorek \u00a0 7.00 +Zofia Smolik of. c\u00f3rka Dorota z rodzin\u0105 18.00 1. +Stanis\u0142aw\u0119 Wasielak 2. +Bronis\u0142aw Wasielak \/poza Parafi\u0105\/<span class=\"more-link\"><a href=\"https:\/\/parafiabesko.pl\/?p=9704\">Czytaj wi\u0119cej<\/a><\/span><\/p>\n","protected":false},"author":1,"featured_media":0,"comment_status":"closed","ping_status":"open","sticky":false,"template":"","format":"standard","meta":{"footnotes":""},"categories":[4],"tags":[],"class_list":["entry","author-adminparafiibesko","post-9704","post","type-post","status-publish","format-standard","category-intencje-mszalne"],"_links":{"self":[{"href":"https:\/\/parafiabesko.pl\/index.php?rest_route=\/wp\/v2\/posts\/9704","targetHints":{"allow":["GET"]}}],"collection":[{"href":"https:\/\/parafiabesko.pl\/index.php?rest_route=\/wp\/v2\/posts"}],"about":[{"href":"https:\/\/parafiabesko.pl\/index.php?rest_route=\/wp\/v2\/types\/post"}],"author":[{"embeddable":true,"href":"https:\/\/parafiabesko.pl\/index.php?rest_route=\/wp\/v2\/users\/1"}],"replies":[{"embeddable":true,"href":"https:\/\/parafiabesko.pl\/index.php?rest_route=%2Fwp%2Fv2%2Fcomments&post=9704"}],"version-history":[{"count":0,"href":"https:\/\/parafiabesko.pl\/index.php?rest_route=\/wp\/v2\/posts\/9704\/revisions"}],"wp:attachment":[{"href":"https:\/\/parafiabesko.pl\/index.php?rest_route=%2Fwp%2Fv2%2Fmedia&parent=9704"}],"wp:term":[{"taxonomy":"category","embeddable":true,"href":"https:\/\/parafiabesko.pl\/index.php?rest_route=%2Fwp%2Fv2%2Fcategories&post=9704"},{"taxonomy":"post_tag","embeddable":true,"href":"https:\/\/parafiabesko.pl\/index.php?rest_route=%2Fwp%2Fv2%2Ftags&post=9704"}],"curies":[{"name":"wp","href":"https:\/\/api.w.org\/{rel}","templated":true}]}}