{"id":9702,"date":"2022-04-16T15:14:18","date_gmt":"2022-04-16T15:14:18","guid":{"rendered":"http:\/\/parafiabesko.pl\/?p=9702"},"modified":"2022-04-16T15:14:18","modified_gmt":"2022-04-16T15:14:18","slug":"uroczystosc-zmartwychwstania-panskiego-17-04-2022r","status":"publish","type":"post","link":"https:\/\/parafiabesko.pl\/?p=9702","title":{"rendered":"Uroczysto\u015b\u0107 Zmartwychwstania Pa\u0144skiego 17.04.2022r."},"content":{"rendered":"<p><strong>WIELKANOC<\/strong> &#8211; <strong>Rezurekcja <\/strong>o godz. 6.00. Pozosta\u0142e Msze \u015bw. w Besku: 9.15, 11.00, 16.00 bez Nieszpor\u00f3w. <strong>Msza \u015bw. z procesj\u0105 eucharystyczn\u0105 w Mymoniu i w Por\u0119bach <\/strong>o godz. 9.00<strong>.<\/strong><\/p>\n<p><strong>\u00a0<\/strong>Od Wielkiego Pi\u0105tku rozpocz\u0119\u0142a si\u0119 Nowenna przed uroczysto\u015bci\u0105 Bo\u017cego Mi\u0142osierdzia, odprawiana jest codziennie przed Msz\u0105 \u015bw. o godz. 18.00.<\/p>\n<p>Dzisiaj rozpoczynamy <strong>oktaw\u0119 Wielkanocy \u2013 Bia\u0142y Tydzie\u0144<\/strong>, kt\u00f3ry przed\u0142u\u017ca \u015bwi\u0119towanie Zmartwychwstania Pana Jezusa, dlatego w najbli\u017cszy pi\u0105tek nie obowi\u0105zuje wstrzemi\u0119\u017aliwo\u015b\u0107 od pokarm\u00f3w mi\u0119snych.<\/p>\n<p>Jutro <strong>Poniedzia\u0142ek Wielkanocny.<\/strong> Porz\u0105dek Mszy \u015bwi\u0119tej w Besku: 7.30, 9.15, 11.00 i 16.00 bez Nieszpor\u00f3w. W ko\u015bcio\u0142ach filialnych w Mymoniu godz. 8.30, w Por\u0119bach godz.10.00. Taca przeznaczona na WSD w Przemy\u015blu.<\/p>\n<p>Sk\u0142adamy serdeczne podzi\u0119kowania za przygotowanie \u015bwi\u0105tyni i liturgii na Triduum paschalne i \u015bwi\u0119ta: ksi\u0119\u017com wikariuszom za sprawowan\u0105 liturgi\u0119, a za przygotowanie ciemnicy i Grobu Pa\u0144skiego &#8211; panu ko\u015bcielnemu Andrzejowi Romanowi, w pracy tej pomagali: J\u00f3zef Winiarski, Marlena Sza\u0142ankiewicz, Aneta Sza\u0142ankiewicz, Kamil Semenowicz. Dzi\u0119kujemy za ofiarowanie kwiat\u00f3w do ciemnicy i Bo\u017cego Grobu. Ponadto dzi\u0119kujemy: siostrom zakonnym za dekoracj\u0119 prezbiterium naszej \u015bwi\u0105tyni kwiatami, panu organi\u015bcie, ministrantom, lektorom, zespo\u0142om \u015bpiewaj\u0105cym w Wielki Czwartek, Wielki Pi\u0105tek, Wielk\u0105 Sobot\u0119 i Rezurekcj\u0119, dojrza\u0142ej scholi za przeprowadzenie nabo\u017ce\u0144stwa Parafialnej Drogi Krzy\u017cowej we Wielki Pi\u0105tek, naszym stra\u017cakom za wzorow\u0105 adoracj\u0119 przy Grobie Pa\u0144skim, parafiankom sprz\u0105taj\u0105cym w te dni ko\u015bci\u00f3\u0142, orkiestrze OSP w Besku za u\u015bwietnienie Rezurekcji, r\u00f3\u017com r\u00f3\u017ca\u0144cowym, dzieciom, m\u0142odzie\u017cy za udzia\u0142 w adoracji, GOK w Besku oraz wszystkim kt\u00f3rzy w jakikolwiek spos\u00f3b swoim talentem i prac\u0105 przyczynili si\u0119 do godnego prze\u017cycia tych \u015bwi\u0119tych dni. B\u00f3g zap\u0142a\u0107!<\/p>\n<p>Dzi\u0119kujemy r\u00f3\u017com r\u00f3\u017ca\u0144cowym za ofiary na \u015bwiat\u0142o:<\/p>\n<p>&#8211; r\u00f3\u017ca \u015bw. Teresy z Kalkuty<\/p>\n<p>&#8211; r\u00f3\u017ca Matki Mi\u0142osierdzia<\/p>\n<p>&#8211; r\u00f3\u017ca Niepokalanego Serca NMP<\/p>\n<p>W przysz\u0142\u0105 niedziel\u0119 \u2013 <strong>Niedziela Mi\u0142osierdzia Bo\u017cego<\/strong>. <strong>Odpust w ko\u015bciele filialnym w Mymoniu o godz. 11.45 Koronka do Bo\u017cego Mi\u0142osierdzia, a o godz. 12.00 Msza \u015bw. odpustowa<\/strong>. Msza \u015bw. w Por\u0119bach b\u0119dzie odprawiona o godz. 10.00. Po Mszach \u015bw. zbi\u00f3rka do puszki na potrzeby Caritas.<\/p>\n","protected":false},"excerpt":{"rendered":"<p>WIELKANOC &#8211; Rezurekcja o godz. 6.00. Pozosta\u0142e Msze \u015bw. w Besku: 9.15, 11.00, 16.00 bez Nieszpor\u00f3w. Msza \u015bw. z procesj\u0105 eucharystyczn\u0105 w Mymoniu i w Por\u0119bach o godz. 9.00. \u00a0Od Wielkiego Pi\u0105tku rozpocz\u0119\u0142a si\u0119 Nowenna przed uroczysto\u015bci\u0105 Bo\u017cego Mi\u0142osierdzia, odprawiana jest codziennie przed Msz\u0105 \u015bw. o godz. 18.00. Dzisiaj rozpoczynamy<span class=\"more-link\"><a href=\"https:\/\/parafiabesko.pl\/?p=9702\">Czytaj wi\u0119cej<\/a><\/span><\/p>\n","protected":false},"author":1,"featured_media":0,"comment_status":"closed","ping_status":"open","sticky":false,"template":"","format":"standard","meta":{"footnotes":""},"categories":[7],"tags":[],"class_list":["entry","author-adminparafiibesko","post-9702","post","type-post","status-publish","format-standard","category-ogloszenia-parafialne"],"_links":{"self":[{"href":"https:\/\/parafiabesko.pl\/index.php?rest_route=\/wp\/v2\/posts\/9702","targetHints":{"allow":["GET"]}}],"collection":[{"href":"https:\/\/parafiabesko.pl\/index.php?rest_route=\/wp\/v2\/posts"}],"about":[{"href":"https:\/\/parafiabesko.pl\/index.php?rest_route=\/wp\/v2\/types\/post"}],"author":[{"embeddable":true,"href":"https:\/\/parafiabesko.pl\/index.php?rest_route=\/wp\/v2\/users\/1"}],"replies":[{"embeddable":true,"href":"https:\/\/parafiabesko.pl\/index.php?rest_route=%2Fwp%2Fv2%2Fcomments&post=9702"}],"version-history":[{"count":0,"href":"https:\/\/parafiabesko.pl\/index.php?rest_route=\/wp\/v2\/posts\/9702\/revisions"}],"wp:attachment":[{"href":"https:\/\/parafiabesko.pl\/index.php?rest_route=%2Fwp%2Fv2%2Fmedia&parent=9702"}],"wp:term":[{"taxonomy":"category","embeddable":true,"href":"https:\/\/parafiabesko.pl\/index.php?rest_route=%2Fwp%2Fv2%2Fcategories&post=9702"},{"taxonomy":"post_tag","embeddable":true,"href":"https:\/\/parafiabesko.pl\/index.php?rest_route=%2Fwp%2Fv2%2Ftags&post=9702"}],"curies":[{"name":"wp","href":"https:\/\/api.w.org\/{rel}","templated":true}]}}