{"id":9700,"date":"2022-04-16T15:07:50","date_gmt":"2022-04-16T15:07:50","guid":{"rendered":"http:\/\/parafiabesko.pl\/?p=9700"},"modified":"2022-04-16T15:07:50","modified_gmt":"2022-04-16T15:07:50","slug":"intencje-mszalne-18-24-04-2022r","status":"publish","type":"post","link":"https:\/\/parafiabesko.pl\/?p=9700","title":{"rendered":"Intencje mszalne 18-24.04.2022r."},"content":{"rendered":"<p><strong>Poniedzia\u0142ek Wielkanocny<\/strong><\/p>\n<p>7.30\u00a0 +Roman Mermer<\/p>\n<p>9.15 \u00a0+Barbara Skubel \/13 r. \u015bm.\/<\/p>\n<p>11.00 +Grzegorz, Tomasz Suwa\u0142a<\/p>\n<p>16.00 +Jerzy Szul \/5r. \u015bm.\/<\/p>\n<p><strong>Wtorek<\/strong><\/p>\n<p>7.00 +J\u00f3zef Kopecki of. siostra Jadwiga z rodzin\u0105<\/p>\n<p>18.00 \u2013 1. +J\u00f3zef\u0119 J\u00f3zefczyk \/3 r.\u015bm.\/ i Zofi\u0119<\/p>\n<ol start=\"2\">\n<li>+Stefani\u0119 , Bronis\u0142aw Kornasiewicz<\/li>\n<\/ol>\n<p><strong>\u015aroda<\/strong><\/p>\n<p>7.00 +Zofia Smolik of. c\u00f3rka Agnieszka z m\u0119\u017cem<\/p>\n<p>18.00 \u2013 1. +Wojciech, Magdalena, Maciej, Boles\u0142aw Zubik<\/p>\n<ol start=\"2\">\n<li>+Kazimierz Folcik \/9 r. \u015bm.\/ i zm. z rodziny<\/li>\n<\/ol>\n<p><strong>Czwartek<\/strong><\/p>\n<p>7.00 +J\u00f3zef Kopecki of. siostra Irena z rodzin\u0105<\/p>\n<p>18.00. &#8211; 1. +Stanis\u0142aw\u0119, Jan Folcik<\/p>\n<ol start=\"2\">\n<li>+Boles\u0142aw Borkowski \/7 r. \u015bm.\/<\/li>\n<\/ol>\n<p><strong>Pi\u0105tek<\/strong><\/p>\n<p>7.00 +Ma\u0142gorzata Szybka \/14 r. \u015bm.\/ of. m\u0105\u017c z synami<\/p>\n<p>18.00 \u2013 1. Dzi\u0119kczynna w 50 rocznic\u0119 \u015blubu Barbary i Henryka z pro\u015bb\u0105 o Bo\u017c\u0105\u00a0 opiek\u0119 w rodzinie<\/p>\n<ol start=\"2\">\n<li>+Janina, Antoni w rocznic\u0119 \u015bmierci \/poza Parafi\u0105\/<\/li>\n<\/ol>\n<p><strong>\u00a0<\/strong><strong>Sobota<\/strong><\/p>\n<p>7.00 \u2013 w intencji Wojciecha<\/p>\n<p>18.00 \u2013 1. +Jerzy Wais<\/p>\n<ol start=\"2\">\n<li>+Maria, Stanis\u0142aw Kielar i Stanis\u0142awa, J\u00f3zef Mermer<\/li>\n<\/ol>\n<p><strong>Niedziela Mi\u0142osierdzia Bo\u017cego<\/strong><\/p>\n<p>7.30 \u2013 w intencji Panu Bogu wiadomej<\/p>\n<p>9.15\u00a0 +Ewelina Nowak \/22 r. \u015bm.\/<\/p>\n<p>11.00 &#8211; Za Parafian<\/p>\n<p>16.30 +Stanis\u0142aw Kasperkowicz \/19 r. \u015bm.\/<\/p>\n","protected":false},"excerpt":{"rendered":"<p>Poniedzia\u0142ek Wielkanocny 7.30\u00a0 +Roman Mermer 9.15 \u00a0+Barbara Skubel \/13 r. \u015bm.\/ 11.00 +Grzegorz, Tomasz Suwa\u0142a 16.00 +Jerzy Szul \/5r. \u015bm.\/ Wtorek 7.00 +J\u00f3zef Kopecki of. siostra Jadwiga z rodzin\u0105 18.00 \u2013 1. +J\u00f3zef\u0119 J\u00f3zefczyk \/3 r.\u015bm.\/ i Zofi\u0119 +Stefani\u0119 , Bronis\u0142aw Kornasiewicz \u015aroda 7.00 +Zofia Smolik of. c\u00f3rka Agnieszka z<span class=\"more-link\"><a href=\"https:\/\/parafiabesko.pl\/?p=9700\">Czytaj wi\u0119cej<\/a><\/span><\/p>\n","protected":false},"author":1,"featured_media":0,"comment_status":"closed","ping_status":"open","sticky":false,"template":"","format":"standard","meta":{"footnotes":""},"categories":[4],"tags":[],"class_list":["entry","author-adminparafiibesko","post-9700","post","type-post","status-publish","format-standard","category-intencje-mszalne"],"_links":{"self":[{"href":"https:\/\/parafiabesko.pl\/index.php?rest_route=\/wp\/v2\/posts\/9700","targetHints":{"allow":["GET"]}}],"collection":[{"href":"https:\/\/parafiabesko.pl\/index.php?rest_route=\/wp\/v2\/posts"}],"about":[{"href":"https:\/\/parafiabesko.pl\/index.php?rest_route=\/wp\/v2\/types\/post"}],"author":[{"embeddable":true,"href":"https:\/\/parafiabesko.pl\/index.php?rest_route=\/wp\/v2\/users\/1"}],"replies":[{"embeddable":true,"href":"https:\/\/parafiabesko.pl\/index.php?rest_route=%2Fwp%2Fv2%2Fcomments&post=9700"}],"version-history":[{"count":0,"href":"https:\/\/parafiabesko.pl\/index.php?rest_route=\/wp\/v2\/posts\/9700\/revisions"}],"wp:attachment":[{"href":"https:\/\/parafiabesko.pl\/index.php?rest_route=%2Fwp%2Fv2%2Fmedia&parent=9700"}],"wp:term":[{"taxonomy":"category","embeddable":true,"href":"https:\/\/parafiabesko.pl\/index.php?rest_route=%2Fwp%2Fv2%2Fcategories&post=9700"},{"taxonomy":"post_tag","embeddable":true,"href":"https:\/\/parafiabesko.pl\/index.php?rest_route=%2Fwp%2Fv2%2Ftags&post=9700"}],"curies":[{"name":"wp","href":"https:\/\/api.w.org\/{rel}","templated":true}]}}