{"id":9691,"date":"2022-04-09T16:32:25","date_gmt":"2022-04-09T16:32:25","guid":{"rendered":"http:\/\/parafiabesko.pl\/?p=9691"},"modified":"2022-04-09T16:32:25","modified_gmt":"2022-04-09T16:32:25","slug":"swiete-triduum-paschalne-4","status":"publish","type":"post","link":"https:\/\/parafiabesko.pl\/?p=9691","title":{"rendered":"\u015aWI\u0118TE TRIDUUM PASCHALNE"},"content":{"rendered":"<h5><strong><u>WIELKI CZWARTEK<\/u><\/strong><\/h5>\n<p><strong>Mszy \u015bw. rano nie b\u0119dzie. <u>O <\/u><\/strong><strong><u>godz. 18.00 rozpocznie si\u0119 Msza \u015bw. Wieczerzy Pa\u0144skiej<\/u><\/strong><strong>. <\/strong><strong>Po zako\u0144czeniu Mszy \u015bw. nast\u0105pi przeniesienie Naj\u015bwi\u0119tszego Sakramentu do ciemnicy. W ten wiecz\u00f3r dzi\u0119kujemy Panu Jezusowi za ustanowienie Sakrament\u00f3w: <\/strong><strong>Eucharystii i Kap\u0142a\u0144stwa. <\/strong><strong>Adoracja trwa do godz.23.00.<\/strong><\/p>\n<p>&nbsp;<\/p>\n<h5><strong><u>WIELKI PI\u0104TEK<\/u><\/strong><\/h5>\n<p>D<strong>zie\u0144 M\u0119ki i \u015amierci Pana Jezusa. <\/strong><strong>Obowi\u0105zuje post \u015bcis\u0142y ilo\u015bciowy i jako\u015bciowy. Adoracja Naj\u015bwi\u0119tszego Sakramentu w ciemnicy od godz. 7.00. Porz\u0105dek adoracji wywieszony jest w przedsionku ko\u015bcio\u0142a i zamieszczony na stronie internetowej Parafii Besko. Przypominamy, aby cz\u0142onkowie r\u00f3\u017c zapoznali si\u0119 z godzinami adoracji. Przypominamy, aby dzieci Szko\u0142y Podstawowej z Beska w godzinach dla siebie wyznaczonych wsp\u00f3lnie ca\u0142ymi klasami gromadzi\u0142y si\u0119 na swoj\u0105 adoracj\u0119 przy Jezusie Eucharystycznym. Rodzice niech tak zorganizuj\u0105 czas swoim dzieciom, aby mog\u0142y adorowa\u0107 Jezusa Eucharystycznego.<\/strong><\/p>\n<p><strong><u>\u00a0<\/u><\/strong><strong>\u00a0<u>O godz. 15.00 <\/u><\/strong><strong><u>w Wielki Pi\u0105tek <\/u><\/strong><strong><u>Parafialna Droga Krzy\u017cowa<\/u><\/strong> <strong>\u2013 b\u0119dzie odprawiana w ko\u015bciele w Besku.<\/strong><\/p>\n<p><strong>\u00a0<\/strong><strong><u>O godz. 19.00 w Wielki Pi\u0105tek <\/u><\/strong><strong><u>rozpocznie si\u0119 w ko\u015bciele <\/u><\/strong><strong><u>Liturgia Wielkiego Pi\u0105tku<\/u><\/strong> <strong>na kt\u00f3r\u0105 sk\u0142adaj\u0105 si\u0119: <\/strong>Liturgia s\u0142owa, Adoracja Krzy\u017ca i Komunia \u015bw. <strong>w <\/strong><strong>tym dniu nie odprawia si\u0119 Mszy \u015bw. czcz\u0105c jedyn\u0105 Ofiar\u0119 Jezusa na <\/strong><strong>krzy\u017cu. <\/strong><strong>Po zako\u0144czeniu Liturgii Wielkiego Pi\u0105tku nast\u0105pi przeniesienie Naj\u015bwi\u0119tszego Sakramentu do grobu, nast\u0119pnie zostanie wystawiony krzy\u017c do prywatnej adoracji. Ofiary sk\u0142adane przy krzy\u017cu przeznaczone s\u0105 na\u00a0 Bo\u017cy Gr\u00f3b w Jerozolimie. W Wielki Pi\u0105tek rozpoczyna si\u0119 Nowenna przed \u015awi\u0119tem Bo\u017cego Mi\u0142osierdzia Adoracja trwa do godz. 23.00.<\/strong><\/p>\n<p>&nbsp;<\/p>\n<h5>\u00a0<u>WIELKA SOBOTA<\/u><\/h5>\n<p><strong>Tradycyjnie zachowujemy post. Adoracja Naj\u015bwi\u0119tszego Sakramentu przy grobie od godz. 7.00 Porz\u0105dek adoracji wywieszony jest w przedsionku ko\u015bcio\u0142a i na stronie internetowej\u00a0 naszej Parafii.<\/strong><\/p>\n<p><strong> \u015awi\u0119cenie pokarm\u00f3w wielkanocnych w Besku o godz. 10.00 i 12.00 w Mymoniu i w Por\u0119bach o godz.10.00.<\/strong><\/p>\n<p><strong>\u00a0\u00a0\u00a0 <u>O godz. 19.00 <\/u><\/strong><strong><u>rozpocznie si\u0119 <\/u><\/strong><strong><u>Liturgia Wielkiej Soboty<\/u><\/strong> <strong>na kt\u00f3r\u0105 sk\u0142adaj\u0105 si\u0119: <\/strong>Po\u015bwi\u0119cenie ognia, wody, odnowienie przyrzecze\u0144 chrztu \u015bw. i Uroczystej Mszy \u015bw. Wigilii Paschalnej. <strong>Na nabo\u017ce\u0144stwo w Wielk\u0105 Sobot\u0119 przynosimy \u015bwiece. Adoracja trwa do godz. 23.00.<\/strong><\/p>\n<p><strong>\u00a0<\/strong><\/p>\n<h5><strong><u>WIELKANOC<\/u><\/strong><\/h5>\n<p><u>\u00a0<\/u><strong>W ko\u015bciele parafialnym w Besku &#8211;\u00a0 Rezurekcja o godz. 6.00<\/strong><strong>. Na procesj\u0119 bierzemy: krzy\u017c, figur\u0119 Zmartwychwsta\u0142ego Chrystusa, baldachim, cztery kandelabry, feretron, chor\u0105gwie, obrazy po uprzednim przystrojeniu. Po procesji, dzi\u0119kczynnym <em>Te Deuum <\/em>i b\u0142ogos\u0142awie\u0144stwie uroczysta Msza \u015awi\u0119ta Zmartwychwstania Pa\u0144skiego.<\/strong><\/p>\n<p><strong>Pozosta\u0142e <\/strong><strong>Msze \u015bw. w Besku: 9.15, 11.00\u00a0 i\u00a0 16.00\u00a0 bez Nieszpor\u00f3w. <\/strong><\/p>\n<p><strong>Msza \u015bw. z procesj\u0105 eucharystyczn\u0105 ko\u015bcio\u0142ach filialnych w\u00a0 Mymoniu i w Por\u0119bach o godz. 9.00.<\/strong><\/p>\n","protected":false},"excerpt":{"rendered":"<p>WIELKI CZWARTEK Mszy \u015bw. rano nie b\u0119dzie. O godz. 18.00 rozpocznie si\u0119 Msza \u015bw. Wieczerzy Pa\u0144skiej. Po zako\u0144czeniu Mszy \u015bw. nast\u0105pi przeniesienie Naj\u015bwi\u0119tszego Sakramentu do ciemnicy. W ten wiecz\u00f3r dzi\u0119kujemy Panu Jezusowi za ustanowienie Sakrament\u00f3w: Eucharystii i Kap\u0142a\u0144stwa. Adoracja trwa do godz.23.00. &nbsp; WIELKI PI\u0104TEK Dzie\u0144 M\u0119ki i \u015amierci Pana<span class=\"more-link\"><a href=\"https:\/\/parafiabesko.pl\/?p=9691\">Czytaj wi\u0119cej<\/a><\/span><\/p>\n","protected":false},"author":1,"featured_media":0,"comment_status":"closed","ping_status":"open","sticky":false,"template":"","format":"standard","meta":{"footnotes":""},"categories":[6],"tags":[],"class_list":["entry","author-adminparafiibesko","post-9691","post","type-post","status-publish","format-standard","category-uncategorized"],"_links":{"self":[{"href":"https:\/\/parafiabesko.pl\/index.php?rest_route=\/wp\/v2\/posts\/9691","targetHints":{"allow":["GET"]}}],"collection":[{"href":"https:\/\/parafiabesko.pl\/index.php?rest_route=\/wp\/v2\/posts"}],"about":[{"href":"https:\/\/parafiabesko.pl\/index.php?rest_route=\/wp\/v2\/types\/post"}],"author":[{"embeddable":true,"href":"https:\/\/parafiabesko.pl\/index.php?rest_route=\/wp\/v2\/users\/1"}],"replies":[{"embeddable":true,"href":"https:\/\/parafiabesko.pl\/index.php?rest_route=%2Fwp%2Fv2%2Fcomments&post=9691"}],"version-history":[{"count":0,"href":"https:\/\/parafiabesko.pl\/index.php?rest_route=\/wp\/v2\/posts\/9691\/revisions"}],"wp:attachment":[{"href":"https:\/\/parafiabesko.pl\/index.php?rest_route=%2Fwp%2Fv2%2Fmedia&parent=9691"}],"wp:term":[{"taxonomy":"category","embeddable":true,"href":"https:\/\/parafiabesko.pl\/index.php?rest_route=%2Fwp%2Fv2%2Fcategories&post=9691"},{"taxonomy":"post_tag","embeddable":true,"href":"https:\/\/parafiabesko.pl\/index.php?rest_route=%2Fwp%2Fv2%2Ftags&post=9691"}],"curies":[{"name":"wp","href":"https:\/\/api.w.org\/{rel}","templated":true}]}}