{"id":9689,"date":"2022-04-09T16:24:29","date_gmt":"2022-04-09T16:24:29","guid":{"rendered":"http:\/\/parafiabesko.pl\/?p=9689"},"modified":"2022-04-09T16:24:29","modified_gmt":"2022-04-09T16:24:29","slug":"porzadek-adoracji-w-wielki-czwartek-wielki-piatek-i-wielka-sobote-2022r","status":"publish","type":"post","link":"https:\/\/parafiabesko.pl\/?p=9689","title":{"rendered":"Porz\u0105dek adoracji w Wielki Czwartek, Wielki Pi\u0105tek i Wielk\u0105 Sobot\u0119 2022r."},"content":{"rendered":"<h5 style=\"text-align: center;\"><strong>PORZ\u0104DEK ADORACJI W TRIDUUM SAKRUM<\/strong><\/h5>\n<h5 style=\"text-align: center;\"><strong>w\u00a0 Parafii Besko<\/strong><\/h5>\n<p><strong>\u00a0<\/strong><\/p>\n<p><strong><u>WIELKI\u00a0 CZWARTEK<\/u><\/strong><\/p>\n<p><strong>Godziny\u00a0 \u00a0 \u00a0 \u00a0 \u00a0 \u00a0 \u00a0 \u00a0 \u00a0 \u00a0 Adoracja r\u00f3\u017c<\/strong><\/p>\n<p><strong>20.00 &#8211; 21.00\u00a0 \u00a0\u00a0\u00a0\u00a0\u00a0\u00a0Akcja Katolicka<\/strong><\/p>\n<p><strong>21.00 \u2013 22.00\u00a0\u00a0 \u00a0\u00a0\u00a0\u00a0\u00a0Matka Bo\u017ca Bolesna\u00a0 \u00a0 \u00a0 \u00a0 \u00a0 \u00a0 \u00a0 \u00a0 \u00a0 \u00a0Anna Sza\u0142ankiewicz<\/strong><\/p>\n<p><strong>22.00 \u2013 23.00 \u00a0\u00a0\u00a0\u00a0\u00a0\u00a0\u00a0M\u0142odzie\u017c Parafii, KSM<\/strong><\/p>\n<p>&nbsp;<\/p>\n<p><strong>\u00a0<\/strong><strong><u>WIELKI \u00a0PI\u0104TEK<\/u><\/strong><\/p>\n<p><strong>\u00a0\u00a0\u00a0\u00a0 7.00 &#8211; 8.00\u00a0\u00a0\u00a0\u00a0 \u00a0B\u0142og. Matka Teresa\u00a0 \u00a0 \u00a0 \u00a0 \u00a0 \u00a0 \u00a0 \u00a0 \u00a0 \u00a0 \u00a0 \u00a0 \u00a0 \u00a0Kazimiera Kasperkowicz<\/strong><\/p>\n<p><strong>\u00a0\u00a0 \u00a0\u00a08.00 &#8211; 9.00\u00a0\u00a0\u00a0\u00a0 \u00a0M. B.\u00a0 \u00a0Gromniczna\u00a0 \u00a0 \u00a0 \u00a0 \u00a0 \u00a0 \u00a0 \u00a0 \u00a0 \u00a0 \u00a0 \u00a0 \u00a0 \u00a0 Zofia Rzo\u0144ca<\/strong><\/p>\n<p><strong>\u00a0 9.00 \u2013 10.00\u00a0\u00a0\u00a0 \u00a0\u00a0\u00a0M. B.\u00a0 Rodzicielka\u00a0 \u00a0 \u00a0 \u00a0 \u00a0 \u00a0 \u00a0 \u00a0 \u00a0 \u00a0 \u00a0 \u00a0 \u00a0 \u00a0 Helena Kuzian<\/strong><\/p>\n<p><strong>10.00 \u2013 11.00\u00a0 \u00a0\u00a0\u00a0\u00a0\u00a0M.B. Nieustaj\u0105cej Pomocy\u00a0 \u00a0 \u00a0 \u00a0 El\u017cbieta Kielar<\/strong><\/p>\n<p><strong>11.00 \u2013 12.00\u00a0 \u00a0\u00a0\u00a0\u00a0\u00a0N.M.P.\u00a0 Cz\u0119stochowska\u00a0 \u00a0 \u00a0 \u00a0 \u00a0 \u00a0 \u00a0 \u00a0Helena Folcik<\/strong><\/p>\n<p><strong>12.00 \u2013 13.00 \u00a0\u00a0\u00a0\u00a0\u00a0\u00a0N.M.P.\u00a0 Kr\u00f3lowa \u00a0Polski\u00a0 \u00a0 \u00a0 \u00a0 \u00a0 \u00a0 \u00a0 \u00a0 Krystyna Szajna<\/strong><\/p>\n<p><strong>13.00 \u2013 14.00\u00a0 \u00a0\u00a0\u00a0\u00a0\u00a0N.M.P.\u00a0 Matka Ko\u015bcio\u0142a\u00a0 \u00a0 \u00a0 \u00a0 \u00a0 \u00a0 \u00a0 \u00a0Stanis\u0142awa Strachocka<\/strong><\/p>\n<p><strong>14.00 \u2013 15.00\u00a0\u00a0 \u00a0\u00a0\u00a0\u00a0N.M.P.\u00a0 Matka Mi\u0142osierdzia\u00a0 \u00a0 \u00a0 Teresa Marchel<\/strong><\/p>\n<p><strong>\u00a0<\/strong><strong><em><u>15.00 Parafialna Droga krzy\u017cowa<\/u><\/em><\/strong><\/p>\n<p><strong>15.00 \u2013 16.00\u00a0\u00a0\u00a0 \u00a0\u00a0\u00a0Zwiastowanie N.M.P.\u00a0 \u00a0 \u00a0 \u00a0 \u00a0 \u00a0 \u00a0 \u00a0 \u00a0 \u00a0 \u00a0 Maria Bacior <\/strong><\/p>\n<p><strong>16.00 \u2013 17.00\u00a0\u00a0\u00a0\u00a0\u00a0 \u00a0Niepokalane Serce N.M.P.\u00a0 \u00a0 \u00a0 \u00a0 \u00a0 \u00a0Anna Szul<\/strong><\/p>\n<p><strong><em>\u00a0Mymo\u0144<\/em><\/strong><\/p>\n<p><strong>17.00 \u2013 18.00\u00a0 \u00a0\u00a0\u00a0\u00a0\u015aw. J\u00f3zef Sebastian Pelczar\u00a0\u00a0\u00a0\u00a0\u00a0\u00a0\u00a0 Weronika Golonka<\/strong><\/p>\n<p><strong>17.00 \u2013 18.00\u00a0\u00a0 \u00a0\u00a0\u00a0\u015aw. Stanis\u0142aw bp i m\u0119czennik\u00a0\u00a0\u00a0 \u00a0Ryszarda Oberc<\/strong><\/p>\n<p><strong>18.00 \u2013 19.00\u00a0 \u00a0\u00a0\u00a0\u00a0\u015aw. Szczepan m\u0119czennik\u00a0 \u00a0 \u00a0 \u00a0 \u00a0 \u00a0 \u00a0 \u00a0 Zofia Gierlicka<\/strong><\/p>\n<p><strong>\u00a0<\/strong><strong><em><u>19.00 Liturgia Wielkiego Pi\u0105tku<\/u><\/em><\/strong><\/p>\n<p><strong>21.00 \u2013 22.00.\u00a0\u00a0\u00a0 \u00a0\u015aw. Ojciec Pio\u00a0 \u00a0 \u00a0 \u00a0 \u00a0 \u00a0 \u00a0 \u00a0 \u00a0 \u00a0 \u00a0 \u00a0 \u00a0 \u00a0 \u00a0 \u00a0 \u00a0 \u00a0 \u00a0 \u00a0 \u00a0Edward Szul<\/strong><\/p>\n<p><strong>22.00 \u2013 23.00\u00a0\u00a0\u00a0\u00a0 \u00a0M\u0142odzie\u017c Parafii, KSM<\/strong><\/p>\n<p><strong>\u00a0<\/strong><strong><u>Uczniowie<\/u><\/strong><\/p>\n<p><strong>\u00a0<\/strong><strong>9.00 \u2013 10.00\u00a0\u00a0\u00a0 8 klasa Szko\u0142a Podstawowa<\/strong><\/p>\n<p><strong>10.00 \u2013 11.00\u00a0\u00a0 7 klasa Szko\u0142a Podstawowa<\/strong><\/p>\n<p><strong>11.00 \u2013 12.00\u00a0\u00a0 6 klasa Szko\u0142a Podstawowa <\/strong><\/p>\n<p><strong>12.00 \u2013 13.00 \u00a0\u00a05 klasa Szko\u0142a Podstawowa<\/strong><\/p>\n<p><strong>13.00 \u2013 14.00\u00a0\u00a0 4 klasa Szko\u0142a Podstawowa<\/strong><\/p>\n<p>&nbsp;<\/p>\n<p><strong><u>WIELKA SOBOTA<\/u><\/strong><\/p>\n<p><strong><u>\u00a0<\/u><\/strong><strong>7.00 \u2013 8.00\u00a0 \u00a0\u00a0\u00a0\u00a0Niepokalane Pocz\u0119cie N.M.P\u00a0\u00a0\u00a0\u00a0\u00a0 \u00a0Bronis\u0142awa Ziemia\u0144ska<\/strong><\/p>\n<p><strong>8.00 \u2013 9.00\u00a0 \u00a0\u00a0\u00a0\u00a0Wniebowzi\u0119cie N.M.P\u00a0 \u00a0 \u00a0 \u00a0 \u00a0 \u00a0 \u00a0 \u00a0 \u00a0 \u00a0 \u00a0Agata \u00a0Mroczkowska<\/strong><\/p>\n<p><strong>9.00 \u2013 10.00\u00a0\u00a0 \u00a0\u00a0\u015aw. Anna\u00a0 \u00a0 \u00a0 \u00a0 \u00a0 \u00a0 \u00a0 \u00a0 \u00a0 \u00a0 \u00a0 \u00a0 \u00a0 \u00a0 \u00a0 \u00a0 \u00a0 \u00a0 \u00a0 \u00a0 \u00a0 \u00a0 \u00a0 \u00a0 \u00a0Janina Suwa\u0142a<\/strong><\/p>\n<p><strong>\u00a0<\/strong><strong><em><u>10.00\u00a0 \u015awi\u0119cenie pokarm\u00f3w wielkanocnych<\/u><\/em><\/strong><\/p>\n<p><strong>\u00a0<\/strong><strong>11.00 \u2013 12.00\u00a0\u00a0 \u00a0\u015aw. Jadwiga Kr\u00f3lowa\u00a0 \u00a0 \u00a0 \u00a0 \u00a0 \u00a0 \u00a0 \u00a0 \u00a0 \u00a0Ewa \u0106wi\u0105ka\u0142a<\/strong><\/p>\n<p><strong>\u00a0<\/strong><strong><em><u>12.00 \u00a0\u00a0\u015awi\u0119cenie pokarm\u00f3w wielkanocnych <\/u><\/em><\/strong><\/p>\n<p><strong>\u00a0<\/strong><strong>13.00 \u2013 14.00\u00a0\u00a0 \u00a0M. B.\u00a0 R\u00f3\u017ca\u0144cowa\u00a0 \u00a0 \u00a0 \u00a0 \u00a0 \u00a0 \u00a0 \u00a0 \u00a0 \u00a0 \u00a0 \u00a0 \u00a0 Beata Hedesz<\/strong><\/p>\n<p><strong>14.00 \u2013 15.00 \u00a0\u00a0\u00a0\u015aw. Maria Magdalena\u00a0\u00a0\u00a0\u00a0\u00a0\u00a0\u00a0\u00a0 \u00a0\u00a0\u00a0\u00a0\u00a0\u00a0\u00a0Maria Rajter<\/strong><\/p>\n<p><strong>15.00 \u2013 16.00\u00a0 \u00a0\u00a0\u015aw. Marta\u00a0 \u00a0 \u00a0 \u00a0 \u00a0 \u00a0 \u00a0 \u00a0 \u00a0 \u00a0 \u00a0 \u00a0 \u00a0 \u00a0 \u00a0 \u00a0 \u00a0 \u00a0 \u00a0 \u00a0 \u00a0 Maria Szyndler<\/strong><\/p>\n<p><strong>16.00 &#8211;\u00a0 17.00 \u00a0\u00a0\u00a0\u015aw. Siostra Faustyna\u00a0\u00a0\u00a0 \u00a0\u00a0\u00a0\u00a0\u00a0\u00a0\u00a0\u00a0\u00a0\u00a0\u00a0\u00a0\u00a0Maria Mroczkowska<\/strong><\/p>\n<p><strong><em>Por\u0119by<\/em><\/strong><\/p>\n<p><strong>17.00 \u2013 18.00\u00a0 \u00a0\u00a0\u00a0\u015aw. Barbara\u00a0 \u00a0 \u00a0 \u00a0 \u00a0 \u00a0 \u00a0 \u00a0 \u00a0 \u00a0 \u00a0 \u00a0 \u00a0 \u00a0 \u00a0 \u00a0 \u00a0 \u00a0 \u00a0Beata Zubik<\/strong><\/p>\n<p><strong>17.00 \u2013 18.00\u00a0\u00a0 \u00a0\u00a0\u015aw. Jan z Dukli\u00a0 \u00a0 \u00a0 \u00a0 \u00a0 \u00a0 \u00a0 \u00a0 \u00a0 \u00a0 \u00a0 \u00a0 \u00a0 \u00a0 \u00a0 Maria Szybka<\/strong><\/p>\n<p><strong>18.00 \u2013 19.00\u00a0 \u00a0\u00a0\u00a0\u015aw. J\u00f3zef\u00a0 \u00a0 \u00a0 \u00a0 \u00a0 \u00a0 \u00a0 \u00a0 \u00a0 \u00a0 \u00a0 \u00a0 \u00a0 \u00a0 \u00a0 \u00a0 \u00a0 \u00a0 \u00a0 \u00a0 \u00a0 J\u00f3zef Rajchel<\/strong><\/p>\n<p><strong>18.00 \u2013 19.00\u00a0\u00a0\u00a0\u00a0 \u015aw. Maksymilian Kolbe\u00a0 \u00a0 \u00a0 \u00a0 \u00a0 Kazimiera Suwa\u0142a<\/strong><\/p>\n<p><strong>18.00 \u2013 19.00\u00a0\u00a0\u00a0\u00a0 \u015aw. Wojciech\u00a0 \u00a0 \u00a0 \u00a0 \u00a0 \u00a0 \u00a0 \u00a0 \u00a0 \u00a0 \u00a0 \u00a0 \u00a0 \u00a0 \u00a0 \u00a0 Stanis\u0142awa Rymarowicz\u00a0 <\/strong><\/p>\n<p><strong>\u00a0<\/strong><strong><em><u>19.00\u00a0\u00a0 Liturgia Wielkiej Soboty<\/u><\/em><\/strong><\/p>\n<p><strong>\u00a0<\/strong><strong>21.00 \u2013 22.00\u00a0\u00a0 \u015aw. Jan Pawe\u0142 II\u00a0\u00a0\u00a0\u00a0\u00a0\u00a0\u00a0\u00a0\u00a0\u00a0\u00a0\u00a0\u00a0\u00a0\u00a0 \u00a0\u00a0\u00a0\u00a0\u00a0\u00a0\u00a0\u00a0\u00a0\u00a0\u00a0J\u00f3zef Kijowski<\/strong><\/p>\n<p><strong>22.00 \u2013 23.00\u00a0\u00a0 M\u0142odzie\u017c Parafii, KSM<\/strong><\/p>\n<p><strong>\u00a0<\/strong>\u00a0<strong><u>Uczniowie<\/u><\/strong><\/p>\n<p><strong>\u00a09.00 \u2013 10.00\u00a0\u00a0\u00a0 8 klasa Szko\u0142a podstawowa<\/strong><\/p>\n<p><strong>10.00 \u2013 11.00\u00a0\u00a0 7 klasa Szko\u0142a podstawowa<\/strong><\/p>\n<p><strong>11.00 \u2013 12.00\u00a0\u00a0 6 klasa Szko\u0142a Podstawowa <\/strong><\/p>\n<p><strong>12.00 \u2013 13.00\u00a0\u00a0 5 klasa Szko\u0142a Podstawowa<\/strong><\/p>\n<p><strong>13.00 \u2013 14.00\u00a0\u00a0 4 klasa Szko\u0142a Podstawowa<\/strong><\/p>\n<p><strong>\u00a0<\/strong><\/p>\n<p style=\"text-align: center;\"><strong><em>Uwaga!<\/em><\/strong><\/p>\n<p style=\"text-align: center;\">Na adoracje przychodz\u0105 mo\u017cliwie \u00a0wszyscy cz\u0142onkowie danej R\u00f3\u017cy \u017bywego R\u00f3\u017ca\u0144ca powiadomienie wcze\u015bniej przez: Zelator\u00f3w &#8211; Prze\u0142o\u017conych o godzinie rozpocz\u0119cia adoracji.<\/p>\n<p style=\"text-align: center;\"><strong>Adoracje ofiarujemy w intencji pog\u0142\u0119biania wiary w naszej Parafii.<\/strong><\/p>\n","protected":false},"excerpt":{"rendered":"<p>PORZ\u0104DEK ADORACJI W TRIDUUM SAKRUM w\u00a0 Parafii Besko \u00a0 WIELKI\u00a0 CZWARTEK Godziny\u00a0 \u00a0 \u00a0 \u00a0 \u00a0 \u00a0 \u00a0 \u00a0 \u00a0 \u00a0 Adoracja r\u00f3\u017c 20.00 &#8211; 21.00\u00a0 \u00a0\u00a0\u00a0\u00a0\u00a0\u00a0Akcja Katolicka 21.00 \u2013 22.00\u00a0\u00a0 \u00a0\u00a0\u00a0\u00a0\u00a0Matka Bo\u017ca Bolesna\u00a0 \u00a0 \u00a0 \u00a0 \u00a0 \u00a0 \u00a0 \u00a0 \u00a0 \u00a0Anna Sza\u0142ankiewicz 22.00 \u2013 23.00 \u00a0\u00a0\u00a0\u00a0\u00a0\u00a0\u00a0M\u0142odzie\u017c Parafii, KSM<span class=\"more-link\"><a href=\"https:\/\/parafiabesko.pl\/?p=9689\">Czytaj wi\u0119cej<\/a><\/span><\/p>\n","protected":false},"author":1,"featured_media":0,"comment_status":"closed","ping_status":"open","sticky":false,"template":"","format":"standard","meta":{"footnotes":""},"categories":[6],"tags":[],"class_list":["entry","author-adminparafiibesko","post-9689","post","type-post","status-publish","format-standard","category-uncategorized"],"_links":{"self":[{"href":"https:\/\/parafiabesko.pl\/index.php?rest_route=\/wp\/v2\/posts\/9689","targetHints":{"allow":["GET"]}}],"collection":[{"href":"https:\/\/parafiabesko.pl\/index.php?rest_route=\/wp\/v2\/posts"}],"about":[{"href":"https:\/\/parafiabesko.pl\/index.php?rest_route=\/wp\/v2\/types\/post"}],"author":[{"embeddable":true,"href":"https:\/\/parafiabesko.pl\/index.php?rest_route=\/wp\/v2\/users\/1"}],"replies":[{"embeddable":true,"href":"https:\/\/parafiabesko.pl\/index.php?rest_route=%2Fwp%2Fv2%2Fcomments&post=9689"}],"version-history":[{"count":0,"href":"https:\/\/parafiabesko.pl\/index.php?rest_route=\/wp\/v2\/posts\/9689\/revisions"}],"wp:attachment":[{"href":"https:\/\/parafiabesko.pl\/index.php?rest_route=%2Fwp%2Fv2%2Fmedia&parent=9689"}],"wp:term":[{"taxonomy":"category","embeddable":true,"href":"https:\/\/parafiabesko.pl\/index.php?rest_route=%2Fwp%2Fv2%2Fcategories&post=9689"},{"taxonomy":"post_tag","embeddable":true,"href":"https:\/\/parafiabesko.pl\/index.php?rest_route=%2Fwp%2Fv2%2Ftags&post=9689"}],"curies":[{"name":"wp","href":"https:\/\/api.w.org\/{rel}","templated":true}]}}