{"id":9673,"date":"2022-04-09T15:50:29","date_gmt":"2022-04-09T15:50:29","guid":{"rendered":"http:\/\/parafiabesko.pl\/?p=9673"},"modified":"2022-04-09T15:50:29","modified_gmt":"2022-04-09T15:50:29","slug":"intencje-mszalne-11-17-04-2022r","status":"publish","type":"post","link":"https:\/\/parafiabesko.pl\/?p=9673","title":{"rendered":"Intencje mszalne 11-17.04.2022r."},"content":{"rendered":"<table width=\"101%\">\n<tbody>\n<tr>\n<td colspan=\"3\" width=\"100%\"><strong>Niedziela Palmowa<\/strong><\/td>\n<\/tr>\n<tr>\n<td width=\"32%\"><strong>Wielki Poniedzia\u0142ek<\/strong><\/p>\n<p>11.04.2022<\/td>\n<td width=\"11%\">\u00a0 7.00<\/td>\n<td width=\"55%\">1.+J\u00f3zef Szybka of. c\u00f3rka Kamila z rodzin\u0105<\/p>\n<p>2. +Andrzej Banek of. rodz. Sza\u0142ankiewicz<\/p>\n<p>3.\u2013Dzi\u0119kczynna w 78 r. urodzin Kazimierza z pro\u015bb\u0105 o opiek\u0119 Bo\u017c\u0105<\/td>\n<\/tr>\n<tr>\n<td width=\"32%\"><strong>Wielki Wtorek <\/strong><\/p>\n<p>12.04.2022<\/td>\n<td width=\"11%\">\u00a0 7.00<\/td>\n<td width=\"55%\">1. +Janina i Stanis\u0142aw Mroczkowscy<\/p>\n<p>2. +Zofia Smolik of. syn Maciej z rodzin\u0105<\/p>\n<p>3. +\u0141ukasz Szajna of. siostra Sylwia z rodzin\u0105<\/td>\n<\/tr>\n<tr>\n<td width=\"32%\"><strong>Wielka \u015aroda<\/strong><\/p>\n<p>13.04.2022<\/td>\n<td width=\"11%\">\u00a0\u00a0\u00a0\u00a0 7.00<\/td>\n<td width=\"55%\">1. +Dominika Kwiatkowska of. syn<\/p>\n<p>2. +Michalina, Stanis\u0142aw\u0119, Stanis\u0142aw<\/p>\n<p>3. \u2013w intencji kap\u0142an\u00f3w pos\u0142uguj\u0105cych w naszej Parafii<\/td>\n<\/tr>\n<tr>\n<td width=\"32%\"><strong>Wielki Czwartek<\/strong><\/p>\n<p>14.04.2022r.<\/td>\n<td width=\"11%\"><strong>\u00a0\u00a0 <\/strong>18.00<\/td>\n<td width=\"55%\">1. +Ks. Szczepan Semenowicz<\/p>\n<p>2. +Ryszard Szczudlik\/1r. \u015bm.\/ i zm. z rodziny Tele\u017cy\u0144skich<\/p>\n<p>3. +Janina Maksymilian Saczewscy<\/td>\n<\/tr>\n<tr>\n<td width=\"32%\"><strong>Wielka Sobota<\/strong><\/p>\n<p>16.04.2022r.<\/td>\n<td width=\"11%\">19.00<\/td>\n<td width=\"55%\">1. +J\u00f3zef Rybicki\/19 r. r. \u015bm.\/, Maria i Stanis\u0142aw<\/p>\n<p>2. +Ks. Zbigniew Tracz<\/p>\n<p>3. +Maria Stanis\u0142aw Kielar i W\u0142adys\u0142aw\u0119, J\u00f3zef Zubik<\/td>\n<\/tr>\n<tr>\n<td rowspan=\"4\" width=\"32%\"><strong>WIELKANOC <\/strong><\/p>\n<p>17.04.2022<\/td>\n<td width=\"11%\">6.00<\/td>\n<td width=\"55%\"><strong>Za Parafian<\/strong><\/td>\n<\/tr>\n<tr>\n<td width=\"11%\">9.15<\/td>\n<td width=\"55%\">+Maria<\/td>\n<\/tr>\n<tr>\n<td width=\"11%\">11.00<\/td>\n<td width=\"55%\">+\u0141ukasz Nowak i zm. z rodziny<\/td>\n<\/tr>\n<tr>\n<td width=\"11%\">16.00<\/td>\n<td width=\"55%\">+Leszek Jaworek \/17 r. \u015bm.\/<\/td>\n<\/tr>\n<\/tbody>\n<\/table>\n","protected":false},"excerpt":{"rendered":"<p>Niedziela Palmowa Wielki Poniedzia\u0142ek 11.04.2022 \u00a0 7.00 1.+J\u00f3zef Szybka of. c\u00f3rka Kamila z rodzin\u0105 2. +Andrzej Banek of. rodz. Sza\u0142ankiewicz 3.\u2013Dzi\u0119kczynna w 78 r. urodzin Kazimierza z pro\u015bb\u0105 o opiek\u0119 Bo\u017c\u0105 Wielki Wtorek 12.04.2022 \u00a0 7.00 1. +Janina i Stanis\u0142aw Mroczkowscy 2. +Zofia Smolik of. syn Maciej z rodzin\u0105 3.<span class=\"more-link\"><a href=\"https:\/\/parafiabesko.pl\/?p=9673\">Czytaj wi\u0119cej<\/a><\/span><\/p>\n","protected":false},"author":1,"featured_media":0,"comment_status":"closed","ping_status":"open","sticky":false,"template":"","format":"standard","meta":{"footnotes":""},"categories":[4],"tags":[],"class_list":["entry","author-adminparafiibesko","post-9673","post","type-post","status-publish","format-standard","category-intencje-mszalne"],"_links":{"self":[{"href":"https:\/\/parafiabesko.pl\/index.php?rest_route=\/wp\/v2\/posts\/9673","targetHints":{"allow":["GET"]}}],"collection":[{"href":"https:\/\/parafiabesko.pl\/index.php?rest_route=\/wp\/v2\/posts"}],"about":[{"href":"https:\/\/parafiabesko.pl\/index.php?rest_route=\/wp\/v2\/types\/post"}],"author":[{"embeddable":true,"href":"https:\/\/parafiabesko.pl\/index.php?rest_route=\/wp\/v2\/users\/1"}],"replies":[{"embeddable":true,"href":"https:\/\/parafiabesko.pl\/index.php?rest_route=%2Fwp%2Fv2%2Fcomments&post=9673"}],"version-history":[{"count":0,"href":"https:\/\/parafiabesko.pl\/index.php?rest_route=\/wp\/v2\/posts\/9673\/revisions"}],"wp:attachment":[{"href":"https:\/\/parafiabesko.pl\/index.php?rest_route=%2Fwp%2Fv2%2Fmedia&parent=9673"}],"wp:term":[{"taxonomy":"category","embeddable":true,"href":"https:\/\/parafiabesko.pl\/index.php?rest_route=%2Fwp%2Fv2%2Fcategories&post=9673"},{"taxonomy":"post_tag","embeddable":true,"href":"https:\/\/parafiabesko.pl\/index.php?rest_route=%2Fwp%2Fv2%2Ftags&post=9673"}],"curies":[{"name":"wp","href":"https:\/\/api.w.org\/{rel}","templated":true}]}}