{"id":9670,"date":"2022-04-03T16:24:20","date_gmt":"2022-04-03T16:24:20","guid":{"rendered":"http:\/\/parafiabesko.pl\/?p=9670"},"modified":"2022-04-03T16:24:20","modified_gmt":"2022-04-03T16:24:20","slug":"ogloszenia-3-04-2022r","status":"publish","type":"post","link":"https:\/\/parafiabesko.pl\/?p=9670","title":{"rendered":"Og\u0142oszenia parafialne 3.04.2022r."},"content":{"rendered":"<p><strong>V Niedziela Wielkiego Postu<\/strong><\/p>\n<p>Dzisiaj <strong>Niedziela Adoracyjna<\/strong> \u2013 od godz.12.00 do 16.00 prywatna adoracja rodzin naszej Parafii. O godz. 16.00 Gorzkie \u017cale z kazaniem pasyjnym i zmiana tajemnic, adoruje r\u00f3\u017ca MB Rodzicielki prze\u0142o\u017cona Helena Kuzian. W przysz\u0142\u0105 niedziel\u0119 adoruje r\u00f3\u017ca MB Bolesnej prze\u0142o\u017cona Anna Sza\u0142ankiewicz. W ko\u015bcio\u0142ach filialnych Nabo\u017ce\u0144stwo Gorzkich \u017cali i Msza \u015bw. w Mymoniu o godz. 8.30, a w Por\u0119bach o godz. 10.00.<\/p>\n<p>Taca z dzisiejszej niedzieli przeznaczona na WSD w Przemy\u015blu.<\/p>\n<p>Dzisiaj po Mszach \u015bw. w zakrystii zg\u0142aszanie chorych do \u015bwi\u0119tej spowiedzi i komunii \u015bwi\u0119tej wielkanocnej. Chorych w domach b\u0119dziemy w Besku odwiedza\u0107 i udziela\u0107 tych \u015bwi\u0119tych sakrament\u00f3w jutro tj. w poniedzia\u0142ek\u00a0 od godz.\u00a0 8.00.<\/p>\n<p>W poniedzia\u0142ek o godz. 18.00 modlitwa przy relikwiach \u015bw. Jana Paw\u0142a II.<\/p>\n<p>We wtorek o godz. 18.00 Nabo\u017ce\u0144stwo do Bo\u017cego Mi\u0142osierdzia.<\/p>\n<p>We \u015brod\u0119 o godz. 18.00 Nowenna do Matki Bo\u017cej Nieustaj\u0105cej Pomocy.<\/p>\n<p>Pierwszy czwartek miesi\u0105ca o godz. 18.00 Godzina \u015bwi\u0119ta.<\/p>\n<p>W pi\u0105tek <strong>Nabo\u017ce\u0144stwo Drogi krzy\u017cowej<\/strong> w Besku rano po Mszy \u015bw. o godz. 7.00, po po\u0142udniu o godz. 18.00. W ko\u015bcio\u0142ach filialnych Nabo\u017ce\u0144stwo Drogi krzy\u017cowej i Komunia \u015bw. w Por\u0119bach o godz. 17.00, a w Mymoniu o godz. 18.00.<\/p>\n<p><strong>Spowied\u017a \u015bwi\u0119ta przed \u015bwi\u0119tami wielkanocnymi w naszej Parafii Besko<\/strong> <strong>b\u0119dzie w najbli\u017csz\u0105 sobot\u0119 9 kwietnia 2022 roku<\/strong> i tak w ko\u015bciele Besku przed po\u0142udniem od godz. 9.30 do 12.00, a po po\u0142udniu od godz.15.00 do 17.00.<\/p>\n<p>W ko\u015bcio\u0142ach filialnym w Por\u0119bach i Mymoniu spowied\u017a \u015bwi\u0119ta b\u0119dzie w sobot\u0119 przed po\u0142udniem od godz. 10.00 i odwiedzenie chorych.<\/p>\n<p><strong>Prosimy, aby nasi Parafianie w najbli\u017csz\u0105 sobot\u0119 przyst\u0105pili do \u015bwi\u0119tej spowiedzi wielkanocnej, spowiada\u0107 bowiem b\u0119d\u0105 wszyscy kap\u0142ani naszego dekanatu,\u00a0 gdy\u017c w p\u00f3\u017aniejszym czasie okazji do spowiedzi b\u0119dzie niewiele.<\/strong><\/p>\n<p>W najbli\u017csz\u0105 niedziel\u0119 <strong>Niedziela Palmowa<\/strong> w Besku na sumie o godz. 11.00 po\u015bwi\u0119cenie palm i procesja wok\u00f3\u0142 ko\u015bcio\u0142a. Prosimy, aby dzieci szkolne z pomoc\u0105 rodzic\u00f3w i nauczycieli przygotowa\u0142y pi\u0119kne palmy na t\u0119 uroczysto\u015b\u0107 i licznie wzi\u0119\u0142y udzia\u0142 w tej uroczysto\u015bci.<\/p>\n<p>W ko\u015bcio\u0142ach filialnych w Niedziel\u0119 Palmow\u0105: Procesja z palmami, Msza \u015bw.\u00a0\u00a0\u00a0 i Gorzkie \u017cale w Mymoniu o godz. 8.30, a w Por\u0119bach o godz. 10.0.<\/p>\n<p>Dzi\u0119kujemy za sprz\u0105tanie ko\u015bcio\u0142a i ofiary z\u0142o\u017cone, na sobot\u0119 sprz\u0105tanie o godz. 17.00.<\/p>\n","protected":false},"excerpt":{"rendered":"<p>V Niedziela Wielkiego Postu Dzisiaj Niedziela Adoracyjna \u2013 od godz.12.00 do 16.00 prywatna adoracja rodzin naszej Parafii. O godz. 16.00 Gorzkie \u017cale z kazaniem pasyjnym i zmiana tajemnic, adoruje r\u00f3\u017ca MB Rodzicielki prze\u0142o\u017cona Helena Kuzian. W przysz\u0142\u0105 niedziel\u0119 adoruje r\u00f3\u017ca MB Bolesnej prze\u0142o\u017cona Anna Sza\u0142ankiewicz. W ko\u015bcio\u0142ach filialnych Nabo\u017ce\u0144stwo Gorzkich<span class=\"more-link\"><a href=\"https:\/\/parafiabesko.pl\/?p=9670\">Czytaj wi\u0119cej<\/a><\/span><\/p>\n","protected":false},"author":1,"featured_media":0,"comment_status":"closed","ping_status":"open","sticky":false,"template":"","format":"standard","meta":{"footnotes":""},"categories":[7],"tags":[],"class_list":["entry","author-adminparafiibesko","post-9670","post","type-post","status-publish","format-standard","category-ogloszenia-parafialne"],"_links":{"self":[{"href":"https:\/\/parafiabesko.pl\/index.php?rest_route=\/wp\/v2\/posts\/9670","targetHints":{"allow":["GET"]}}],"collection":[{"href":"https:\/\/parafiabesko.pl\/index.php?rest_route=\/wp\/v2\/posts"}],"about":[{"href":"https:\/\/parafiabesko.pl\/index.php?rest_route=\/wp\/v2\/types\/post"}],"author":[{"embeddable":true,"href":"https:\/\/parafiabesko.pl\/index.php?rest_route=\/wp\/v2\/users\/1"}],"replies":[{"embeddable":true,"href":"https:\/\/parafiabesko.pl\/index.php?rest_route=%2Fwp%2Fv2%2Fcomments&post=9670"}],"version-history":[{"count":0,"href":"https:\/\/parafiabesko.pl\/index.php?rest_route=\/wp\/v2\/posts\/9670\/revisions"}],"wp:attachment":[{"href":"https:\/\/parafiabesko.pl\/index.php?rest_route=%2Fwp%2Fv2%2Fmedia&parent=9670"}],"wp:term":[{"taxonomy":"category","embeddable":true,"href":"https:\/\/parafiabesko.pl\/index.php?rest_route=%2Fwp%2Fv2%2Fcategories&post=9670"},{"taxonomy":"post_tag","embeddable":true,"href":"https:\/\/parafiabesko.pl\/index.php?rest_route=%2Fwp%2Fv2%2Ftags&post=9670"}],"curies":[{"name":"wp","href":"https:\/\/api.w.org\/{rel}","templated":true}]}}