{"id":9664,"date":"2022-04-03T16:10:58","date_gmt":"2022-04-03T16:10:58","guid":{"rendered":"http:\/\/parafiabesko.pl\/?p=9664"},"modified":"2022-04-03T16:10:58","modified_gmt":"2022-04-03T16:10:58","slug":"intencje-mszalne-4-10-04-2022r","status":"publish","type":"post","link":"https:\/\/parafiabesko.pl\/?p=9664","title":{"rendered":"Intencje mszalne 4-10.04.2022r."},"content":{"rendered":"<table width=\"101%\">\n<tbody>\n<tr>\n<td rowspan=\"2\" width=\"32%\"><strong>Poniedzia\u0142ek<\/strong><\/p>\n<p>4.04.2022<\/td>\n<td width=\"11%\">\u00a0 7.00<\/td>\n<td width=\"55%\">+Zofia Szul of. siostra Genowefa z rodzin\u0105<\/td>\n<\/tr>\n<tr>\n<td width=\"11%\">18.00<\/td>\n<td width=\"55%\">1. +Kazimier\u0119 J\u00f3zef Szybka<\/p>\n<p>2. +J\u00f3zef \/8 r. \u015bm.\/, Ryszard\u0119 \/16 r. \u015bm.\/ Kwiatkowscy<\/td>\n<\/tr>\n<tr>\n<td rowspan=\"2\" width=\"32%\"><strong>Wtorek <\/strong><\/p>\n<p>5.04.2022<\/td>\n<td width=\"11%\">\u00a0 7.00<\/td>\n<td width=\"55%\">+Genowefa P\u0142atek of. synowa z rodzin\u0105<\/td>\n<\/tr>\n<tr>\n<td width=\"11%\">18.00<\/td>\n<td width=\"55%\">1. +Helena Walerian Drozd<\/p>\n<p>2. +Zofia Tadeusz Wr\u00f3bel<\/td>\n<\/tr>\n<tr>\n<td rowspan=\"2\" width=\"32%\"><strong>\u015aroda<\/strong><\/p>\n<p>6.04.2022<\/td>\n<td width=\"11%\">\u00a0\u00a0\u00a0\u00a0 7.00<\/td>\n<td width=\"55%\">+J\u00f3zef Szybka of. syn Pawe\u0142 z rodzin\u0105<\/td>\n<\/tr>\n<tr>\n<td width=\"11%\">18.00<\/td>\n<td width=\"55%\">1. +Walerian Wr\u00f3bel of. R\u00f3\u017ca O. Pio<\/p>\n<p>2. +Zofia B\u0105k i zm. z rodziny of. Leszek z rodzin\u0105<\/td>\n<\/tr>\n<tr>\n<td rowspan=\"2\" width=\"32%\"><strong>Czwartek <\/strong><\/p>\n<p>7.04.2022<\/p>\n<p>&nbsp;<\/td>\n<td width=\"11%\">\u00a0 7.00<\/td>\n<td width=\"55%\">+Andrzej Banek of. rodz. Marsza\u0142ek i Pilecki<\/td>\n<\/tr>\n<tr>\n<td width=\"11%\"><strong>\u00a0\u00a0 <\/strong>18.00<\/td>\n<td width=\"55%\">1. +Janina Prugar \/1 r. \u015bm.\/<\/p>\n<p>2. +Ryszard \/7 r. \u015bm.\/ i J\u00f3zef\u0119 Szul<\/td>\n<\/tr>\n<tr>\n<td rowspan=\"2\" width=\"32%\"><strong>Pi\u0105tek<\/strong><\/p>\n<p>8.04.2022<\/td>\n<td width=\"11%\">\u00a07.00<\/td>\n<td width=\"55%\">+J\u00f3zef Kopecki of. \u017cona z dzie\u0107mi<\/td>\n<\/tr>\n<tr>\n<td width=\"11%\">18.00<\/td>\n<td width=\"55%\">1. +Maria \/10 r. \u015bm.\/ i Ignacy Kmak<\/p>\n<p>2. +Maria \/4 r. \u015bm.\/ i J\u00f3zef<\/td>\n<\/tr>\n<tr>\n<td rowspan=\"2\" width=\"32%\"><strong>Sobota <\/strong><\/p>\n<p>9.04.2022<\/td>\n<td width=\"11%\">\u00a0 7.00<\/td>\n<td width=\"55%\">1. + Helena Mroczkowska of. swatowie Komprowscy<\/p>\n<p>2. +Tadeusz Nycz<\/p>\n<p>3. +Maria, Stanis\u0142aw Kielar i Rozalia Bronis\u0142aw Suwa\u0142a<\/td>\n<\/tr>\n<tr>\n<td width=\"11%\"><\/td>\n<td width=\"55%\"><\/td>\n<\/tr>\n<tr>\n<td rowspan=\"4\" width=\"32%\"><strong>NIEDZIELA <\/strong><\/p>\n<p>10.04.2022<\/td>\n<td width=\"11%\">7.30<\/td>\n<td width=\"55%\">+Janina \/5 r. \u015bm.\/, Micha\u0142 i Andrzej<\/td>\n<\/tr>\n<tr>\n<td width=\"11%\">9.15<\/td>\n<td width=\"55%\">&#8211; dzi\u0119kczynna w int. Panu Bogu wiadomej<\/td>\n<\/tr>\n<tr>\n<td width=\"11%\">11.00<\/td>\n<td width=\"55%\"><strong>Za Parafian<\/strong><\/td>\n<\/tr>\n<tr>\n<td width=\"11%\">16.30<\/td>\n<td width=\"55%\">+Stanis\u0142aw\u0119 Szybka \/1 r. \u015bm.\/ of. c\u00f3rki z rodzinami<\/td>\n<\/tr>\n<\/tbody>\n<\/table>\n","protected":false},"excerpt":{"rendered":"<p>Poniedzia\u0142ek 4.04.2022 \u00a0 7.00 +Zofia Szul of. siostra Genowefa z rodzin\u0105 18.00 1. +Kazimier\u0119 J\u00f3zef Szybka 2. +J\u00f3zef \/8 r. \u015bm.\/, Ryszard\u0119 \/16 r. \u015bm.\/ Kwiatkowscy Wtorek 5.04.2022 \u00a0 7.00 +Genowefa P\u0142atek of. synowa z rodzin\u0105 18.00 1. +Helena Walerian Drozd 2. +Zofia Tadeusz Wr\u00f3bel \u015aroda 6.04.2022 \u00a0\u00a0\u00a0\u00a0 7.00 +J\u00f3zef<span class=\"more-link\"><a href=\"https:\/\/parafiabesko.pl\/?p=9664\">Czytaj wi\u0119cej<\/a><\/span><\/p>\n","protected":false},"author":1,"featured_media":0,"comment_status":"closed","ping_status":"open","sticky":false,"template":"","format":"standard","meta":{"footnotes":""},"categories":[4],"tags":[],"class_list":["entry","author-adminparafiibesko","post-9664","post","type-post","status-publish","format-standard","category-intencje-mszalne"],"_links":{"self":[{"href":"https:\/\/parafiabesko.pl\/index.php?rest_route=\/wp\/v2\/posts\/9664","targetHints":{"allow":["GET"]}}],"collection":[{"href":"https:\/\/parafiabesko.pl\/index.php?rest_route=\/wp\/v2\/posts"}],"about":[{"href":"https:\/\/parafiabesko.pl\/index.php?rest_route=\/wp\/v2\/types\/post"}],"author":[{"embeddable":true,"href":"https:\/\/parafiabesko.pl\/index.php?rest_route=\/wp\/v2\/users\/1"}],"replies":[{"embeddable":true,"href":"https:\/\/parafiabesko.pl\/index.php?rest_route=%2Fwp%2Fv2%2Fcomments&post=9664"}],"version-history":[{"count":0,"href":"https:\/\/parafiabesko.pl\/index.php?rest_route=\/wp\/v2\/posts\/9664\/revisions"}],"wp:attachment":[{"href":"https:\/\/parafiabesko.pl\/index.php?rest_route=%2Fwp%2Fv2%2Fmedia&parent=9664"}],"wp:term":[{"taxonomy":"category","embeddable":true,"href":"https:\/\/parafiabesko.pl\/index.php?rest_route=%2Fwp%2Fv2%2Fcategories&post=9664"},{"taxonomy":"post_tag","embeddable":true,"href":"https:\/\/parafiabesko.pl\/index.php?rest_route=%2Fwp%2Fv2%2Ftags&post=9664"}],"curies":[{"name":"wp","href":"https:\/\/api.w.org\/{rel}","templated":true}]}}