{"id":9659,"date":"2022-03-27T17:51:00","date_gmt":"2022-03-27T17:51:00","guid":{"rendered":"http:\/\/parafiabesko.pl\/?p=9659"},"modified":"2022-03-27T17:51:00","modified_gmt":"2022-03-27T17:51:00","slug":"9659-2","status":"publish","type":"post","link":"https:\/\/parafiabesko.pl\/?p=9659","title":{"rendered":"Og\u0142oszenia parafialne 27.03.2022r."},"content":{"rendered":"<p>IV Niedziela Wielkiego Postu<\/p>\n<p><strong>Od jutra wieczorna Msza \u015bw. o jedn\u0105 godzin\u0119 p\u00f3\u017aniej czyli o godz. 18.00.<\/strong><\/p>\n<p>Spowied\u017a przed pierwszym pi\u0105tkiem miesi\u0105ca od poniedzia\u0142ku rano i wieczorem przed Msz\u0105 \u015bw. Dzieci i m\u0142odzie\u017c zapraszamy do spowiedzi we \u015brod\u0119 od godz. 17.00<\/p>\n<p>W poniedzia\u0142ek o godz. 18.00 modlitwa przy relikwiach \u015bw. Jana Paw\u0142a II.<\/p>\n<p>We wtorek o godz. 18.00 Nabo\u017ce\u0144stwo do Bo\u017cego Mi\u0142osierdzia.<\/p>\n<p>We \u015brod\u0119 o godz. 18.00 Nowenna do Matki Bo\u017cej Nieustaj\u0105cej Pomocy.<\/p>\n<p>We \u015brod\u0119 i czwartek uczniowie Szko\u0142y Podstawowej b\u0119d\u0105 prze\u017cywa\u0107 Szkolne Rekolekcje Wielkopostne. Prosimy rodzic\u00f3w, nauczycieli, aby pomogli uczniom owocne prze\u017cy\u0107 wielkopostne rekolekcje.<\/p>\n<p><strong>Pierwszy pi\u0105tek miesi\u0105ca &#8211;<\/strong> <strong>Nabo\u017ce\u0144stwo Drogi krzy\u017cowej<\/strong> w Besku rano po Mszy \u015bw. o godz. 7.00, po po\u0142udniu o godz. 18.00.<\/p>\n<p>W ko\u015bcio\u0142ach filialnych Nabo\u017ce\u0144stwo Drogi krzy\u017cowej, spowied\u017a i Msza \u015bw.\u00a0\u00a0\u00a0\u00a0\u00a0\u00a0\u00a0\u00a0 w Por\u0119bach i Mymoniu o godz.16.00. Chorych w Besku nie b\u0119dziemy odwiedza\u0107.<\/p>\n<p><strong>Pierwsza sobota miesi\u0105ca<\/strong> rano o godz.7.00 Msza \u015bw. i nabo\u017ce\u0144stwo do Matki Bo\u017cej adoruje r\u00f3\u017ca MB Nieustaj\u0105cej Pomocy prze\u0142o\u017cona El\u017cbieta Kielar, o godz. 18.00 Msza \u015bw. i nabo\u017ce\u0144stwo do Matki Bo\u017cej.<\/p>\n<p>Dzisiaj<strong> Gorzkie \u017cale<\/strong> z kazaniem pasyjnym w Besku o godz. 16.00 adoruje r\u00f3\u017ca Matki Ko\u015bcio\u0142a prze\u0142o\u017cona Stanis\u0142awa Strachocka. W przysz\u0142\u0105 niedziel\u0119 adoruje r\u00f3\u017ca MB Rodzicielki prze\u0142o\u017cona Helena Kuzian. W ko\u015bcio\u0142ach filialnych Nabo\u017ce\u0144stwo Gorzkich \u017cali i Msza \u015bw. w Mymoniu o godz. 8.30, a w Por\u0119bach o godz. 10.00.<\/p>\n<p>W przysz\u0142\u0105 niedziel\u0119 \u2013 <strong>Niedziela Adoracyjna<\/strong>. Na Mszy \u015bw. o godz. 9.15 odnowienie przyrzecze\u0144 chrzcielnych dla dzieci klasy trzeciej. Od godz. 12.00 do 16.00 prywatna adoracja rodzin naszej Parafii.<\/p>\n","protected":false},"excerpt":{"rendered":"<p>IV Niedziela Wielkiego Postu Od jutra wieczorna Msza \u015bw. o jedn\u0105 godzin\u0119 p\u00f3\u017aniej czyli o godz. 18.00. Spowied\u017a przed pierwszym pi\u0105tkiem miesi\u0105ca od poniedzia\u0142ku rano i wieczorem przed Msz\u0105 \u015bw. Dzieci i m\u0142odzie\u017c zapraszamy do spowiedzi we \u015brod\u0119 od godz. 17.00 W poniedzia\u0142ek o godz. 18.00 modlitwa przy relikwiach \u015bw.<span class=\"more-link\"><a href=\"https:\/\/parafiabesko.pl\/?p=9659\">Czytaj wi\u0119cej<\/a><\/span><\/p>\n","protected":false},"author":1,"featured_media":0,"comment_status":"closed","ping_status":"open","sticky":false,"template":"","format":"standard","meta":{"footnotes":""},"categories":[7],"tags":[],"class_list":["entry","author-adminparafiibesko","post-9659","post","type-post","status-publish","format-standard","category-ogloszenia-parafialne"],"_links":{"self":[{"href":"https:\/\/parafiabesko.pl\/index.php?rest_route=\/wp\/v2\/posts\/9659","targetHints":{"allow":["GET"]}}],"collection":[{"href":"https:\/\/parafiabesko.pl\/index.php?rest_route=\/wp\/v2\/posts"}],"about":[{"href":"https:\/\/parafiabesko.pl\/index.php?rest_route=\/wp\/v2\/types\/post"}],"author":[{"embeddable":true,"href":"https:\/\/parafiabesko.pl\/index.php?rest_route=\/wp\/v2\/users\/1"}],"replies":[{"embeddable":true,"href":"https:\/\/parafiabesko.pl\/index.php?rest_route=%2Fwp%2Fv2%2Fcomments&post=9659"}],"version-history":[{"count":0,"href":"https:\/\/parafiabesko.pl\/index.php?rest_route=\/wp\/v2\/posts\/9659\/revisions"}],"wp:attachment":[{"href":"https:\/\/parafiabesko.pl\/index.php?rest_route=%2Fwp%2Fv2%2Fmedia&parent=9659"}],"wp:term":[{"taxonomy":"category","embeddable":true,"href":"https:\/\/parafiabesko.pl\/index.php?rest_route=%2Fwp%2Fv2%2Fcategories&post=9659"},{"taxonomy":"post_tag","embeddable":true,"href":"https:\/\/parafiabesko.pl\/index.php?rest_route=%2Fwp%2Fv2%2Ftags&post=9659"}],"curies":[{"name":"wp","href":"https:\/\/api.w.org\/{rel}","templated":true}]}}