{"id":9642,"date":"2022-03-27T17:29:23","date_gmt":"2022-03-27T17:29:23","guid":{"rendered":"http:\/\/parafiabesko.pl\/?p=9642"},"modified":"2022-03-27T17:29:23","modified_gmt":"2022-03-27T17:29:23","slug":"intencje-mszalne-28-03-3-04-2022r","status":"publish","type":"post","link":"https:\/\/parafiabesko.pl\/?p=9642","title":{"rendered":"Intencje mszalne 28.03.-3.04.2022r."},"content":{"rendered":"<table width=\"101%\">\n<tbody>\n<tr>\n<td rowspan=\"2\" width=\"32%\"><strong>Poniedzia\u0142ek<\/strong><\/p>\n<p>28.03.2022<\/td>\n<td width=\"11%\">\u00a0 7.00<\/td>\n<td width=\"55%\">&#8211; dzi\u0119kczynna w 80 urodziny Marii z pro\u015bb\u0105 o b\u0142og. Bo\u017ce i opiek\u0119 MB<\/td>\n<\/tr>\n<tr>\n<td width=\"11%\">18.00<\/td>\n<td width=\"55%\">1. +Bronis\u0142aw\u0119, W\u0142adys\u0142aw i Zdzis\u0142aw<\/p>\n<p>2. +Jakub, Ignacy, Zofia of. rodz. Zubik<\/td>\n<\/tr>\n<tr>\n<td rowspan=\"2\" width=\"32%\"><strong>Wtorek <\/strong><\/p>\n<p>29.03.2022<\/td>\n<td width=\"11%\">\u00a0 7.00<\/td>\n<td width=\"55%\">+Genowef\u0119 P\u0142atek of. Bo\u017cena z rodzin\u0105<\/td>\n<\/tr>\n<tr>\n<td width=\"11%\">18.00<\/td>\n<td width=\"55%\">1. +J\u00f3zef\u0119 Kornasiewicz of. Zofia i Kazimiera z rodzinami<\/p>\n<p>2. +J\u00f3zef Szybka of. rodzina Kielar<\/td>\n<\/tr>\n<tr>\n<td rowspan=\"2\" width=\"32%\"><strong>\u015aroda<\/strong><\/p>\n<p>30.03.2022<\/td>\n<td width=\"11%\">\u00a0\u00a0\u00a0\u00a0 7.00<\/td>\n<td width=\"55%\">+J\u00f3zef Szybka of. s\u0105siedzi<\/td>\n<\/tr>\n<tr>\n<td width=\"11%\">18.00<\/td>\n<td width=\"55%\">1. +Stanis\u0142aw\u0119 w 37 r. \u015bmieci<\/p>\n<p>2. +J\u00f3zef\u0119 Filipowicz of. r\u00f3\u017ca \u015bw. Jadwigi<\/td>\n<\/tr>\n<tr>\n<td rowspan=\"2\" width=\"32%\"><strong>Czwartek <\/strong><\/p>\n<p>31.03.2022<\/p>\n<p>&nbsp;<\/td>\n<td width=\"11%\">\u00a0 7.00<\/td>\n<td width=\"55%\">+Andrzej Banek of. brat z rodzin\u0105<\/td>\n<\/tr>\n<tr>\n<td width=\"11%\"><strong>\u00a0\u00a0 <\/strong>18.00<\/td>\n<td width=\"55%\">1. +\u0141ukasz Szajna of. brat Adam z rodzin\u0105<\/p>\n<p>2. +Ireneusz Trojanowski<\/td>\n<\/tr>\n<tr>\n<td rowspan=\"2\" width=\"32%\"><strong>Pi\u0105tek<\/strong><\/p>\n<p>1.04.2022<\/td>\n<td width=\"11%\">\u00a07.00<\/td>\n<td width=\"55%\">+Stanis\u0142aw Bana\u015b w 31 r. \u015bmierci<\/td>\n<\/tr>\n<tr>\n<td width=\"11%\">18.00<\/td>\n<td width=\"55%\">+Kazimierz \/6 r. \u015bm.\/ i Katarzyn\u0119 \/30 r. \u015bm.\/ J\u00f3zefczyk of. c\u00f3rka Kazimiera<\/td>\n<\/tr>\n<tr>\n<td rowspan=\"2\" width=\"32%\"><strong>Sobota <\/strong><\/p>\n<p>2.04.2022<\/td>\n<td width=\"11%\">\u00a0 7.00<\/td>\n<td width=\"55%\">+Honorata, Stanis\u0142aw Siudy\u0142a<\/td>\n<\/tr>\n<tr>\n<td width=\"11%\">18.00<\/td>\n<td width=\"55%\">1. +J\u00f3zef Smolik<\/p>\n<p>2. +Zofia Szul of. r\u00f3\u017ca Niepokalanego Serca NMP<\/td>\n<\/tr>\n<tr>\n<td rowspan=\"4\" width=\"32%\"><strong>NIEDZIELA <\/strong><\/p>\n<p>3.04.2022<\/td>\n<td width=\"11%\">7.30<\/td>\n<td width=\"55%\">+Janina Szybka of. c\u00f3rka Adrianna z rodzin\u0105<\/td>\n<\/tr>\n<tr>\n<td width=\"11%\">9.15<\/td>\n<td width=\"55%\">+Stefania, Micha\u0142, Maria<\/td>\n<\/tr>\n<tr>\n<td width=\"11%\">11.00<\/td>\n<td width=\"55%\"><strong>Za Parafian<\/strong><\/td>\n<\/tr>\n<tr>\n<td width=\"11%\">16.30<\/td>\n<td width=\"55%\">&#8211; dzi\u0119kczynna w 50 r. \u015blubu Janiny i Wies\u0142awa z pro\u015bb\u0105 o opiek\u0119 Bo\u017c\u0105 dla rodziny<\/td>\n<\/tr>\n<\/tbody>\n<\/table>\n","protected":false},"excerpt":{"rendered":"<p>Poniedzia\u0142ek 28.03.2022 \u00a0 7.00 &#8211; dzi\u0119kczynna w 80 urodziny Marii z pro\u015bb\u0105 o b\u0142og. Bo\u017ce i opiek\u0119 MB 18.00 1. +Bronis\u0142aw\u0119, W\u0142adys\u0142aw i Zdzis\u0142aw 2. +Jakub, Ignacy, Zofia of. rodz. Zubik Wtorek 29.03.2022 \u00a0 7.00 +Genowef\u0119 P\u0142atek of. Bo\u017cena z rodzin\u0105 18.00 1. +J\u00f3zef\u0119 Kornasiewicz of. Zofia i Kazimiera z<span class=\"more-link\"><a href=\"https:\/\/parafiabesko.pl\/?p=9642\">Czytaj wi\u0119cej<\/a><\/span><\/p>\n","protected":false},"author":1,"featured_media":0,"comment_status":"closed","ping_status":"open","sticky":false,"template":"","format":"standard","meta":{"footnotes":""},"categories":[4],"tags":[],"class_list":["entry","author-adminparafiibesko","post-9642","post","type-post","status-publish","format-standard","category-intencje-mszalne"],"_links":{"self":[{"href":"https:\/\/parafiabesko.pl\/index.php?rest_route=\/wp\/v2\/posts\/9642","targetHints":{"allow":["GET"]}}],"collection":[{"href":"https:\/\/parafiabesko.pl\/index.php?rest_route=\/wp\/v2\/posts"}],"about":[{"href":"https:\/\/parafiabesko.pl\/index.php?rest_route=\/wp\/v2\/types\/post"}],"author":[{"embeddable":true,"href":"https:\/\/parafiabesko.pl\/index.php?rest_route=\/wp\/v2\/users\/1"}],"replies":[{"embeddable":true,"href":"https:\/\/parafiabesko.pl\/index.php?rest_route=%2Fwp%2Fv2%2Fcomments&post=9642"}],"version-history":[{"count":0,"href":"https:\/\/parafiabesko.pl\/index.php?rest_route=\/wp\/v2\/posts\/9642\/revisions"}],"wp:attachment":[{"href":"https:\/\/parafiabesko.pl\/index.php?rest_route=%2Fwp%2Fv2%2Fmedia&parent=9642"}],"wp:term":[{"taxonomy":"category","embeddable":true,"href":"https:\/\/parafiabesko.pl\/index.php?rest_route=%2Fwp%2Fv2%2Fcategories&post=9642"},{"taxonomy":"post_tag","embeddable":true,"href":"https:\/\/parafiabesko.pl\/index.php?rest_route=%2Fwp%2Fv2%2Ftags&post=9642"}],"curies":[{"name":"wp","href":"https:\/\/api.w.org\/{rel}","templated":true}]}}