{"id":9630,"date":"2022-03-20T13:37:49","date_gmt":"2022-03-20T13:37:49","guid":{"rendered":"http:\/\/parafiabesko.pl\/?p=9630"},"modified":"2022-03-20T13:37:49","modified_gmt":"2022-03-20T13:37:49","slug":"ogloszenia-parafialne-20-03-2022r","status":"publish","type":"post","link":"https:\/\/parafiabesko.pl\/?p=9630","title":{"rendered":"Og\u0142oszenia parafialne 20.03.2022r."},"content":{"rendered":"<p>III Niedziela Wielkiego Postu<\/p>\n<p>Dzisiaj u si\u00f3str felicjanek od godziny 8.00 do 15.00 adoracja Naj\u015bwi\u0119tszego Sakramentu z okazji Patrona domu \u015bwi\u0119tego J\u00f3zefa. Siostry serdecznie zapraszaj\u0105 na wsp\u00f3ln\u0105 modlitw\u0119.<\/p>\n<p>Dzisiaj<strong> Gorzkie \u017cale<\/strong> z kazaniem pasyjnym w Besku o godz. 16.00. Adoruje r\u00f3\u017ca NMP Kr\u00f3lowej Polski prze\u0142o\u017cona Krystyna Szajna. W przysz\u0142\u0105 niedziel\u0119 adoruje r\u00f3\u017ca Matki Ko\u015bcio\u0142a prze\u0142o\u017cona Stanis\u0142awa Strachocka. W ko\u015bcio\u0142ach filialnych Nabo\u017ce\u0144stwo Gorzkich \u017cali i Msza \u015bw. w Mymoniu o godz. 8.30, a w Por\u0119bach o godz. 10.00.<\/p>\n<p>W poniedzia\u0142ek o godz. 17.00 modlitwa przy relikwiach \u015bw. Jana Paw\u0142a II<\/p>\n<p>We wtorek o godz. 17.00 Nabo\u017ce\u0144stwo do Bo\u017cego Mi\u0142osierdzia.<\/p>\n<p>We \u015brod\u0119 o godz. 17.00 Nowenna do Matki Bo\u017cej Nieustaj\u0105cej Pomocy.<\/p>\n<p>W pi\u0105tek 25 marca <strong>Uroczysto\u015b\u0107 Zwiastowania Pa\u0144skiego<\/strong> \u2013 Dzie\u0144 \u015awi\u0119to\u015bci \u017bycia \u2013 modlimy si\u0119 o poszanowanie ludzkiego \u017cycia od chwili pocz\u0119cia a\u017c do naturalnej \u015bmierci. <u>Nie obowi\u0105zuje wstrzemi\u0119\u017aliwo\u015b\u0107 od pokarm\u00f3w mi\u0119snych.<\/u><\/p>\n<p><strong>Duchowa Adopcja. <\/strong><\/p>\n<p>W ka\u017cdej godzinie i minucie, gdzie\u015b na \u015bwiecie, umieraj\u0105 najmniejsi i najbardziej bezbronni &#8211; nie narodzone dzieci. One wo\u0142aj\u0105 o pomoc r\u00f3wnie\u017c do Ciebie.\u00a0 Nie zwlekaj. Mo\u017cesz si\u0119 przyczyni\u0107 do ich ocalenia, podejmuj\u0105c Duchow\u0105 Adopcj\u0119.<\/p>\n<p>Zasady Duchowej Adopcji s\u0105 proste. Jest to modlitewne zobowi\u0105zanie z\u0142o\u017cone najlepiej przy o\u0142tarzu, podj\u0119te przez konkretn\u0105 osob\u0119 w intencji jednego dziecka zagro\u017conego zabiciem w \u0142onie matki. Imi\u0119 tego dziecka jest znane jedynie Bogu. Przez dziewi\u0119\u0107 miesi\u0119cy osoba podejmuj\u0105ca Duchow\u0105 Adopcj\u0119 ogarnia modlitw\u0105 dziecko i jego rodzic\u00f3w, prosz\u0105c Boga o szcz\u0119\u015bliwe jego narodzenie. W ten spos\u00f3b staje si\u0119 duchowym rodzicem tego dziecka. Na modlitw\u0119 Duchowej Adopcji sk\u0142ada si\u0119 jeden dziesi\u0105tek R\u00f3\u017ca\u0144ca \u015awi\u0119tego, codzienna modlitwa, kt\u00f3rej tekst podajemy, oraz dodatkowa dowolna ofiara czy wyrzeczenie &#8211; jak post lub walka z na\u0142ogiem.<\/p>\n<p>Duchow\u0105 Adopcj\u0119 mo\u017ce podj\u0105\u0107 ka\u017cdy. Najpierw mo\u017cna obj\u0105\u0107 modlitw\u0105 tylko jedno dziecko. Po jej zako\u0144czeniu mo\u017cna adoptowa\u0107 duchowo kolejne, pod warunkiem dope\u0142nienia poprzednich zobowi\u0105za\u0144. Nale\u017cy pami\u0119ta\u0107 o codziennym wype\u0142nianiu przyrzecze\u0144.<\/p>\n<p><strong>Modlitwa codzienna: <\/strong><em>Panie Jezu &#8211; za wstawiennictwem Twojej Matki Maryi, kt\u00f3ra urodzi\u0142a Ci\u0119 z mi\u0142o\u015bci\u0105 oraz za wstawiennictwem \u015bw. J\u00f3zefa, cz\u0142owieka zawierzenia, kt\u00f3ry opiekowa\u0142 si\u0119 Tob\u0105 po urodzeniu &#8211; prosz\u0119 Ci\u0119 w intencji tego nie narodzonego dziecka, kt\u00f3re duchowo adoptowa\u0142em, a kt\u00f3re znajduje si\u0119 w niebezpiecze\u0144stwie zag\u0142ady. Prosz\u0119, daj rodzicom mi\u0142o\u015b\u0107 i odwag\u0119, aby swoje dziecko pozostawili przy \u017cyciu, kt\u00f3re Ty sam mu przeznaczy\u0142e\u015b. Amen<\/em><\/p>\n<p><strong>Na stoliku w kaplicy Matki Bo\u017cej wy\u0142o\u017cona jest Parafialna Ksi\u0119ga Duchowej Adopcji, prosimy wpisywa\u0107 si\u0119 do niej.<\/strong><\/p>\n<p><strong>W pi\u0105tek, 25 marca 2022 r., <\/strong>w <strong>Uroczysto\u015b\u0107 Zwiastowania Pa\u0144skiego<\/strong>, podczas celebracji pokutnej o godz. 17.00 w Bazylice \u015bw. Piotra w Watykanie, <u>Papie\u017c Franciszek po\u015bwi\u0119ci Rosj\u0119 i Ukrain\u0119 Niepokalanemu Sercu Maryi<\/u><strong>. <\/strong>W tym samym czasie, tego samego aktu dokona w Fatimie kard. Konrad Krajewski, jako wys\u0142annik Ojca \u015awi\u0119tego. Jednocze\u015bnie Papie\u017c prosi, aby pasterze i wierni na ca\u0142ym \u015bwiecie trwali w tym samym czasie zjednoczeni na modlitwie, pod przewodnictwem Biskupa Rzymu. Ko\u015bci\u00f3\u0142 w Polsce pragnie odpowiedzie\u0107 na to papieskie wezwanie, dlatego\u00a0<strong>prosz\u0119 wszystkich duszpasterzy, osoby \u017cycia konsekrowanego oraz wiernych,\u00a0aby tego dnia we wszystkich ko\u015bcio\u0142ach i kaplicach w Archidiecezji Przemyskiej o godz. 17.00<\/strong>, w jedno\u015bci z Nast\u0119pc\u0105 \u015awi\u0119tego Piotra, wznie\u015b\u0107 modlitwy do Boga i\u00a0<strong>odm\u00f3wi\u0107 Akt Po\u015bwiecenia Rosji i Ukrainy Niepokalanemu Sercu Maryi<\/strong>.\u00a0<strong>Przed Jezusem Eucharystycznym odm\u00f3wmy tak\u017ce cz\u0119\u015b\u0107 r\u00f3\u017ca\u0144ca \u015bwi\u0119tego w intencji pokoju na Ukrainie, polecaj\u0105c ofiary tragicznej wojny i ich rodziny\/abp Adam Szal\/.<\/strong><\/p>\n<p>W pi\u0105tek <strong>Nabo\u017ce\u0144stwo Drogi krzy\u017cowej<\/strong> w Besku rano po Mszy \u015bwi\u0119tej o godz. 7.00.<\/p>\n<p>Po po\u0142udniu o godz.16.30 Cz\u0119\u015b\u0107 bolesna r\u00f3\u017ca\u0144ca \u015bwi\u0119tego, <strong>Akt Po\u015bwiecenia Rosji i Ukrainy Niepokalanemu Sercu Maryi<\/strong>, Nabo\u017ce\u0144stwo Drogi krzy\u017cowej i Msza \u015bw.<\/p>\n<p>W ko\u015bcio\u0142ach filialnych Nabo\u017ce\u0144stwo Drogi krzy\u017cowej w Por\u0119bach o godz. 16.00, a w Mymoniu o godz. 17.00.<\/p>\n<p>Wsp\u00f3lnota Matki S\u0142owa zaprasza we wtorek 22 marca. Po Mszy \u015bw. do godz. 20.00. Na adoracj\u0119 \u2013 czuwanie w intencji pokoju na \u015bwiecie.<\/p>\n<p>W \u015brod\u0119 23 marca b\u0119dzie spotkanie z rodzicami dzieci klas III przygotowuj\u0105cych do Pierwszej Komunii \u015bwi\u0119tej. Spotkanie b\u0119dzie o godz. 18.00 w br\u0105zowym budynku przedszkolnym si\u00f3str felicjanek.<\/p>\n","protected":false},"excerpt":{"rendered":"<p>III Niedziela Wielkiego Postu Dzisiaj u si\u00f3str felicjanek od godziny 8.00 do 15.00 adoracja Naj\u015bwi\u0119tszego Sakramentu z okazji Patrona domu \u015bwi\u0119tego J\u00f3zefa. Siostry serdecznie zapraszaj\u0105 na wsp\u00f3ln\u0105 modlitw\u0119. Dzisiaj Gorzkie \u017cale z kazaniem pasyjnym w Besku o godz. 16.00. Adoruje r\u00f3\u017ca NMP Kr\u00f3lowej Polski prze\u0142o\u017cona Krystyna Szajna. W przysz\u0142\u0105 niedziel\u0119<span class=\"more-link\"><a href=\"https:\/\/parafiabesko.pl\/?p=9630\">Czytaj wi\u0119cej<\/a><\/span><\/p>\n","protected":false},"author":1,"featured_media":0,"comment_status":"closed","ping_status":"open","sticky":false,"template":"","format":"standard","meta":{"footnotes":""},"categories":[7],"tags":[],"class_list":["entry","author-adminparafiibesko","post-9630","post","type-post","status-publish","format-standard","category-ogloszenia-parafialne"],"_links":{"self":[{"href":"https:\/\/parafiabesko.pl\/index.php?rest_route=\/wp\/v2\/posts\/9630","targetHints":{"allow":["GET"]}}],"collection":[{"href":"https:\/\/parafiabesko.pl\/index.php?rest_route=\/wp\/v2\/posts"}],"about":[{"href":"https:\/\/parafiabesko.pl\/index.php?rest_route=\/wp\/v2\/types\/post"}],"author":[{"embeddable":true,"href":"https:\/\/parafiabesko.pl\/index.php?rest_route=\/wp\/v2\/users\/1"}],"replies":[{"embeddable":true,"href":"https:\/\/parafiabesko.pl\/index.php?rest_route=%2Fwp%2Fv2%2Fcomments&post=9630"}],"version-history":[{"count":0,"href":"https:\/\/parafiabesko.pl\/index.php?rest_route=\/wp\/v2\/posts\/9630\/revisions"}],"wp:attachment":[{"href":"https:\/\/parafiabesko.pl\/index.php?rest_route=%2Fwp%2Fv2%2Fmedia&parent=9630"}],"wp:term":[{"taxonomy":"category","embeddable":true,"href":"https:\/\/parafiabesko.pl\/index.php?rest_route=%2Fwp%2Fv2%2Fcategories&post=9630"},{"taxonomy":"post_tag","embeddable":true,"href":"https:\/\/parafiabesko.pl\/index.php?rest_route=%2Fwp%2Fv2%2Ftags&post=9630"}],"curies":[{"name":"wp","href":"https:\/\/api.w.org\/{rel}","templated":true}]}}