{"id":9628,"date":"2022-03-20T13:30:20","date_gmt":"2022-03-20T13:30:20","guid":{"rendered":"http:\/\/parafiabesko.pl\/?p=9628"},"modified":"2022-03-20T13:30:20","modified_gmt":"2022-03-20T13:30:20","slug":"intencje-mszalne-21-27-03-2022r","status":"publish","type":"post","link":"https:\/\/parafiabesko.pl\/?p=9628","title":{"rendered":"Intencje mszalne 21-27.03.2022r."},"content":{"rendered":"<table width=\"101%\">\n<tbody>\n<tr>\n<td rowspan=\"2\" width=\"32%\"><strong>Poniedzia\u0142ek<\/strong><\/p>\n<p>21.03.2022<\/td>\n<td width=\"11%\">\u00a0 7.00<\/td>\n<td width=\"55%\">+J\u00f3zef Szybka of. c\u00f3rka Agata z rodzin\u0105<\/td>\n<\/tr>\n<tr>\n<td width=\"11%\">17.00<\/td>\n<td width=\"55%\">1. +J\u00f3zef, J\u00f3zef\u0119 Wr\u00f3bel<\/p>\n<p>2. +J\u00f3zef, Maria Kornasiewicz<\/td>\n<\/tr>\n<tr>\n<td rowspan=\"2\" width=\"32%\"><strong>Wtorek <\/strong><\/p>\n<p>22.03.2022<\/td>\n<td width=\"11%\">\u00a0 7.00<\/td>\n<td width=\"55%\">+Andrzej Banek of. Natalia z rodzin\u0105<\/td>\n<\/tr>\n<tr>\n<td width=\"11%\">17.00<\/td>\n<td width=\"55%\">1. +J\u00f3zef Smolik<\/p>\n<p>2. +Stanis\u0142awa Mermer \/6 r. \u015bm.\/<\/td>\n<\/tr>\n<tr>\n<td rowspan=\"2\" width=\"32%\"><strong>\u015aroda<\/strong><\/p>\n<p>23.03.2022<\/td>\n<td width=\"11%\">\u00a0\u00a0\u00a0\u00a0 7.00<\/td>\n<td width=\"55%\">+Genowefa P\u0142atek of. s\u0105siedzi z ul. Zapowiedzkiej<\/td>\n<\/tr>\n<tr>\n<td width=\"11%\">17.00<\/td>\n<td width=\"55%\">1. +Jan, Michalina i zm. z rodziny<\/p>\n<p>2. +Jan \/28 r. \u015bm.\/, J\u00f3zef\u0119 Kornasiewicz i Stefani\u0119, Leopold Kr\u0119pulec of. synowie z rodzinami<\/td>\n<\/tr>\n<tr>\n<td rowspan=\"2\" width=\"32%\"><strong>Czwartek <\/strong><\/p>\n<p>24.03.2022<\/p>\n<p>&nbsp;<\/td>\n<td width=\"11%\">\u00a0 7.00<\/td>\n<td width=\"55%\">+Ferdynand \/14 r. \u015bm.\/<\/td>\n<\/tr>\n<tr>\n<td width=\"11%\"><strong>\u00a0\u00a0 <\/strong>17.00<\/td>\n<td width=\"55%\">1. +Maria Migda\u0142 \/29 r. \u015bm.\/<\/p>\n<p>2. +J\u00f3zef\u0119 Filipowicz of. siostra Barbara z rodzin\u0105<\/td>\n<\/tr>\n<tr>\n<td rowspan=\"2\" width=\"32%\"><strong>Pi\u0105tek<\/strong><\/p>\n<p>25.03.2022<\/td>\n<td width=\"11%\">\u00a07.00<\/td>\n<td width=\"55%\">+Genowefa, Stanis\u0142aw Golowscy<\/td>\n<\/tr>\n<tr>\n<td width=\"11%\">17.00<\/td>\n<td width=\"55%\">1. +Marek Szajna \/1 r. \u015bm.\/<\/p>\n<p>2. \u2013 dzi\u0119kczynna za dar ojcostwa i macierzy\u0144stwa<\/td>\n<\/tr>\n<tr>\n<td rowspan=\"2\" width=\"32%\"><strong>Sobota <\/strong><\/p>\n<p>26.03.2022<\/td>\n<td width=\"11%\">\u00a0 7.00<\/td>\n<td width=\"55%\">+Kazimier\u0119, J\u00f3zef Szybka<\/td>\n<\/tr>\n<tr>\n<td width=\"11%\">17.00<\/td>\n<td width=\"55%\">1. +Kazimierz, Helen\u0119<\/p>\n<p>2. +J\u00f3zef Sza\u0142ankiewicz<\/td>\n<\/tr>\n<tr>\n<td rowspan=\"4\" width=\"32%\"><strong>NIEDZIELA <\/strong><\/p>\n<p>27.03.2022<\/td>\n<td width=\"11%\">7.30<\/td>\n<td width=\"55%\">+Stanis\u0142aw\u0119, Stanis\u0142aw, Maria i W\u0142adys\u0142aw<\/td>\n<\/tr>\n<tr>\n<td width=\"11%\">9.15<\/td>\n<td width=\"55%\">+Irena Suwa\u0142a of. c\u00f3rka z rodzin\u0105<\/td>\n<\/tr>\n<tr>\n<td width=\"11%\">11.00<\/td>\n<td width=\"55%\"><strong>Za Parafian<\/strong><\/td>\n<\/tr>\n<tr>\n<td width=\"11%\">16.30<\/td>\n<td width=\"55%\">+Stanis\u0142aw \/9 r. \u015bm.\/, J\u00f3zef\u0119 Sza\u0142ankiewicz of. syn J\u00f3zef z rodzin\u0105<\/td>\n<\/tr>\n<\/tbody>\n<\/table>\n","protected":false},"excerpt":{"rendered":"<p>Poniedzia\u0142ek 21.03.2022 \u00a0 7.00 +J\u00f3zef Szybka of. c\u00f3rka Agata z rodzin\u0105 17.00 1. +J\u00f3zef, J\u00f3zef\u0119 Wr\u00f3bel 2. +J\u00f3zef, Maria Kornasiewicz Wtorek 22.03.2022 \u00a0 7.00 +Andrzej Banek of. Natalia z rodzin\u0105 17.00 1. +J\u00f3zef Smolik 2. +Stanis\u0142awa Mermer \/6 r. \u015bm.\/ \u015aroda 23.03.2022 \u00a0\u00a0\u00a0\u00a0 7.00 +Genowefa P\u0142atek of. s\u0105siedzi z ul.<span class=\"more-link\"><a href=\"https:\/\/parafiabesko.pl\/?p=9628\">Czytaj wi\u0119cej<\/a><\/span><\/p>\n","protected":false},"author":1,"featured_media":0,"comment_status":"closed","ping_status":"open","sticky":false,"template":"","format":"standard","meta":{"footnotes":""},"categories":[4],"tags":[],"class_list":["entry","author-adminparafiibesko","post-9628","post","type-post","status-publish","format-standard","category-intencje-mszalne"],"_links":{"self":[{"href":"https:\/\/parafiabesko.pl\/index.php?rest_route=\/wp\/v2\/posts\/9628","targetHints":{"allow":["GET"]}}],"collection":[{"href":"https:\/\/parafiabesko.pl\/index.php?rest_route=\/wp\/v2\/posts"}],"about":[{"href":"https:\/\/parafiabesko.pl\/index.php?rest_route=\/wp\/v2\/types\/post"}],"author":[{"embeddable":true,"href":"https:\/\/parafiabesko.pl\/index.php?rest_route=\/wp\/v2\/users\/1"}],"replies":[{"embeddable":true,"href":"https:\/\/parafiabesko.pl\/index.php?rest_route=%2Fwp%2Fv2%2Fcomments&post=9628"}],"version-history":[{"count":0,"href":"https:\/\/parafiabesko.pl\/index.php?rest_route=\/wp\/v2\/posts\/9628\/revisions"}],"wp:attachment":[{"href":"https:\/\/parafiabesko.pl\/index.php?rest_route=%2Fwp%2Fv2%2Fmedia&parent=9628"}],"wp:term":[{"taxonomy":"category","embeddable":true,"href":"https:\/\/parafiabesko.pl\/index.php?rest_route=%2Fwp%2Fv2%2Fcategories&post=9628"},{"taxonomy":"post_tag","embeddable":true,"href":"https:\/\/parafiabesko.pl\/index.php?rest_route=%2Fwp%2Fv2%2Ftags&post=9628"}],"curies":[{"name":"wp","href":"https:\/\/api.w.org\/{rel}","templated":true}]}}