{"id":9622,"date":"2022-03-13T19:51:44","date_gmt":"2022-03-13T19:51:44","guid":{"rendered":"http:\/\/parafiabesko.pl\/?p=9622"},"modified":"2022-03-13T19:51:44","modified_gmt":"2022-03-13T19:51:44","slug":"ogloszenia-parafialne-13-03-2022r","status":"publish","type":"post","link":"https:\/\/parafiabesko.pl\/?p=9622","title":{"rendered":"Og\u0142oszenia parafialne 13.03.2022r."},"content":{"rendered":"<p>II Niedziela Wielkiego Postu<\/p>\n<p>Dzisiaj po Mszach \u015bw. mo\u017cna naby\u0107 \u015bwiece paschaliki przygotowane przez Caritas. Wielkanocne Dzie\u0142o Pomocy Chorym i Niepe\u0142nosprawnym. Caritas rozprowadza paschaliki na st\u00f3\u0142 \u015bwi\u0105teczny. Ofiary 10 z\u0142 za paschalik. R\u00f3wnocze\u015bnie Caritas dzi\u0119kuje za przekazanie 1% podatku na rzecz Stowarzyszenia Caritas.<\/p>\n<p>Dzisiaj druga niedziela wielkopostna, jest to <strong>Niedziela Ad gentes<\/strong> \u2013 dzie\u0144 modlitwy w intencji misji i misjonarzy. Po Mszach \u015awi\u0119tych b\u0119dziemy mogli materialnie wesprze\u0107 dzie\u0142o misyjne Ko\u015bcio\u0142a sk\u0142adaj\u0105c dar serca do puszki przed ko\u015bcio\u0142em.<\/p>\n<p>Dzisiaj <strong>Gorzkie \u017cale<\/strong> z kazaniem pasyjnym w Besku o godz. 16.00. Adoruje r\u00f3\u017ca Niepokalanego Serca NMP prze\u0142o\u017cona Anna Szul w przysz\u0142\u0105 niedziel\u0119 adoruje r\u00f3\u017ca NMP Kr\u00f3lowej Polski prze\u0142o\u017cona Krystyna Szajna.\u00a0 W ko\u015bcio\u0142ach filialnych Nabo\u017ce\u0144stwo Gorzkich \u017cali i Msza \u015bw. w Mymoniu o godz. 8.30, a w Por\u0119bach o godz. 10.00.<\/p>\n<p>W pi\u0105tek <strong>Nabo\u017ce\u0144stwo Drogi krzy\u017cowej<\/strong> w Besku rano po Mszy \u015bw. o godz. 7.00, po po\u0142udniu o godz. 17.00. W ko\u015bcio\u0142ach filialnych Nabo\u017ce\u0144stwo Drogi krzy\u017cowej i Komunia \u015bw. w Por\u0119bach o godz. 16.00, a w Mymoniu o godz. 17.00.<\/p>\n<p>W sobot\u0119 <strong>Uroczysto\u015b\u0107 \u015bwi\u0119tego J\u00f3zefa opiekuna Ko\u015bcio\u0142a \u015bwi\u0119tego.<\/strong><\/p>\n<p>W przysz\u0142\u0105 niedziel\u0119 u si\u00f3str felicjanek od godziny 8.00 do 15.00 adoracja Naj\u015bwi\u0119tszego Sakramentu z okazji Patrona domu \u015bwi\u0119tego J\u00f3zefa. Siostry serdecznie zapraszaj\u0105 na wsp\u00f3ln\u0105 modlitw\u0119.<\/p>\n<p>W pi\u0105tek 18 marca o godz. 19.00 rozpoczynaj\u0105 si\u0119 w Ja\u0107mierzu w Domu Parafialnym katechezy przedma\u0142\u017ce\u0144skie.<\/p>\n","protected":false},"excerpt":{"rendered":"<p>II Niedziela Wielkiego Postu Dzisiaj po Mszach \u015bw. mo\u017cna naby\u0107 \u015bwiece paschaliki przygotowane przez Caritas. Wielkanocne Dzie\u0142o Pomocy Chorym i Niepe\u0142nosprawnym. Caritas rozprowadza paschaliki na st\u00f3\u0142 \u015bwi\u0105teczny. Ofiary 10 z\u0142 za paschalik. R\u00f3wnocze\u015bnie Caritas dzi\u0119kuje za przekazanie 1% podatku na rzecz Stowarzyszenia Caritas. Dzisiaj druga niedziela wielkopostna, jest to Niedziela<span class=\"more-link\"><a href=\"https:\/\/parafiabesko.pl\/?p=9622\">Czytaj wi\u0119cej<\/a><\/span><\/p>\n","protected":false},"author":1,"featured_media":0,"comment_status":"closed","ping_status":"open","sticky":false,"template":"","format":"standard","meta":{"footnotes":""},"categories":[7],"tags":[],"class_list":["entry","author-adminparafiibesko","post-9622","post","type-post","status-publish","format-standard","category-ogloszenia-parafialne"],"_links":{"self":[{"href":"https:\/\/parafiabesko.pl\/index.php?rest_route=\/wp\/v2\/posts\/9622","targetHints":{"allow":["GET"]}}],"collection":[{"href":"https:\/\/parafiabesko.pl\/index.php?rest_route=\/wp\/v2\/posts"}],"about":[{"href":"https:\/\/parafiabesko.pl\/index.php?rest_route=\/wp\/v2\/types\/post"}],"author":[{"embeddable":true,"href":"https:\/\/parafiabesko.pl\/index.php?rest_route=\/wp\/v2\/users\/1"}],"replies":[{"embeddable":true,"href":"https:\/\/parafiabesko.pl\/index.php?rest_route=%2Fwp%2Fv2%2Fcomments&post=9622"}],"version-history":[{"count":0,"href":"https:\/\/parafiabesko.pl\/index.php?rest_route=\/wp\/v2\/posts\/9622\/revisions"}],"wp:attachment":[{"href":"https:\/\/parafiabesko.pl\/index.php?rest_route=%2Fwp%2Fv2%2Fmedia&parent=9622"}],"wp:term":[{"taxonomy":"category","embeddable":true,"href":"https:\/\/parafiabesko.pl\/index.php?rest_route=%2Fwp%2Fv2%2Fcategories&post=9622"},{"taxonomy":"post_tag","embeddable":true,"href":"https:\/\/parafiabesko.pl\/index.php?rest_route=%2Fwp%2Fv2%2Ftags&post=9622"}],"curies":[{"name":"wp","href":"https:\/\/api.w.org\/{rel}","templated":true}]}}