{"id":9620,"date":"2022-03-13T19:47:52","date_gmt":"2022-03-13T19:47:52","guid":{"rendered":"http:\/\/parafiabesko.pl\/?p=9620"},"modified":"2022-03-13T19:47:52","modified_gmt":"2022-03-13T19:47:52","slug":"intencje-mszalne-13-03-2022r","status":"publish","type":"post","link":"https:\/\/parafiabesko.pl\/?p=9620","title":{"rendered":"Intencje mszalne 13-20.03.2022r."},"content":{"rendered":"<table width=\"101%\">\n<tbody>\n<tr>\n<td rowspan=\"2\" width=\"32%\"><strong>Poniedzia\u0142ek<\/strong><\/p>\n<p>14.03.2022<\/td>\n<td width=\"11%\">\u00a0 7.00<\/td>\n<td width=\"55%\">Dzi\u0119kczynna w 21 r. \u015blubu Doroty i Macieja z pro\u015bb\u0105 o b\u0142og. Bo\u017ce w rodzinie<\/td>\n<\/tr>\n<tr>\n<td width=\"11%\">17.00<\/td>\n<td width=\"55%\">1. +Felicja, Adam, El\u017cbieta<\/p>\n<p>2. +Krystyna, Stanis\u0142aw Mroczkowscy<\/td>\n<\/tr>\n<tr>\n<td rowspan=\"2\" width=\"32%\"><strong>Wtorek <\/strong><\/p>\n<p>15.03.2022<\/td>\n<td width=\"11%\">\u00a0 7.00<\/td>\n<td width=\"55%\">+J\u00f3zef Szybka of. c\u00f3rka Julia z rodzin\u0105<\/td>\n<\/tr>\n<tr>\n<td width=\"11%\">17.00<\/td>\n<td width=\"55%\">1. +Maria Mermer \/4 r. \u015bm.\/<\/p>\n<p>2. +Adam, Helena<\/td>\n<\/tr>\n<tr>\n<td rowspan=\"2\" width=\"32%\"><strong>\u015aroda<\/strong><\/p>\n<p>16.03.2022<\/td>\n<td width=\"11%\">\u00a0\u00a0\u00a0\u00a0 7.00<\/td>\n<td width=\"55%\">+Andrzej Banek of. siostra z rodzin\u0105<\/td>\n<\/tr>\n<tr>\n<td width=\"11%\">17.00<\/td>\n<td width=\"55%\">1. +Henryk \/26 r. \u015bm.\/ i Eugenia \/4 r. \u015bm.\/ Szul<\/p>\n<p>2. +Maria, Stanis\u0142aw Mermer of. wnukowie<\/td>\n<\/tr>\n<tr>\n<td rowspan=\"2\" width=\"32%\"><strong>Czwartek <\/strong><\/p>\n<p>17.03.2022<\/p>\n<p>&nbsp;<\/td>\n<td width=\"11%\">\u00a0 7.00<\/td>\n<td width=\"55%\">+Antonina, Janina, J\u00f3zefa i Jan<\/td>\n<\/tr>\n<tr>\n<td width=\"11%\"><strong>\u00a0\u00a0 <\/strong>17.00<\/td>\n<td width=\"55%\">1.\u00a0 +Zbigniew i zm. rodzice<\/p>\n<p>2. +J\u00f3zef, Janina, Cecylia i Jan<\/td>\n<\/tr>\n<tr>\n<td rowspan=\"2\" width=\"32%\"><strong>Pi\u0105tek<\/strong><\/p>\n<p>18.03.2022<\/td>\n<td width=\"11%\">\u00a07.00<\/td>\n<td width=\"55%\">+Genowefa P\u0142atek of. brat Bogus\u0142aw z rodzin\u0105<\/td>\n<\/tr>\n<tr>\n<td width=\"11%\">17.00<\/td>\n<td width=\"55%\">1. +W\u0142adys\u0142aw\u0119 Ryba w rocz. \u015bmierci<\/p>\n<p>2. +Edward, Stanis\u0142aw, \u0141ukasz Chyna\u0142<\/td>\n<\/tr>\n<tr>\n<td rowspan=\"2\" width=\"32%\"><strong>Sobota <\/strong><\/p>\n<p>19.03.2022<\/td>\n<td width=\"11%\">\u00a0 7.00<\/td>\n<td width=\"55%\">+ zm. rodzice J\u00f3zef, Janina i zm. z rodziny<\/td>\n<\/tr>\n<tr>\n<td width=\"11%\">17.00<\/td>\n<td width=\"55%\">1. +J\u00f3zef Mermer of. rodzina<\/p>\n<p>2. +Arkadiusz Da\u0144czyszyn \/1 r. \u015bm.\/<\/td>\n<\/tr>\n<tr>\n<td rowspan=\"4\" width=\"32%\"><strong>NIEDZIELA <\/strong><\/p>\n<p><strong>\u00a0<\/strong>20.03.2022<\/td>\n<td width=\"11%\">7.30<\/td>\n<td width=\"55%\">+Edward \u015aliwka \/35 r. \u015bm.\/<\/td>\n<\/tr>\n<tr>\n<td width=\"11%\">9.15<\/td>\n<td width=\"55%\">+J\u00f3zef, Zofia, Jolanta Trojanowscy<\/td>\n<\/tr>\n<tr>\n<td width=\"11%\">11.00<\/td>\n<td width=\"55%\"><strong>Za Parafian<\/strong><\/td>\n<\/tr>\n<tr>\n<td width=\"11%\">16.30<\/td>\n<td width=\"55%\">+Zofia \/3 r. \u015bm.\/ i Andrzej Kocha\u0144scy<\/td>\n<\/tr>\n<\/tbody>\n<\/table>\n","protected":false},"excerpt":{"rendered":"<p>Poniedzia\u0142ek 14.03.2022 \u00a0 7.00 Dzi\u0119kczynna w 21 r. \u015blubu Doroty i Macieja z pro\u015bb\u0105 o b\u0142og. Bo\u017ce w rodzinie 17.00 1. +Felicja, Adam, El\u017cbieta 2. +Krystyna, Stanis\u0142aw Mroczkowscy Wtorek 15.03.2022 \u00a0 7.00 +J\u00f3zef Szybka of. c\u00f3rka Julia z rodzin\u0105 17.00 1. +Maria Mermer \/4 r. \u015bm.\/ 2. +Adam, Helena \u015aroda<span class=\"more-link\"><a href=\"https:\/\/parafiabesko.pl\/?p=9620\">Czytaj wi\u0119cej<\/a><\/span><\/p>\n","protected":false},"author":1,"featured_media":0,"comment_status":"closed","ping_status":"open","sticky":false,"template":"","format":"standard","meta":{"footnotes":""},"categories":[4],"tags":[],"class_list":["entry","author-adminparafiibesko","post-9620","post","type-post","status-publish","format-standard","category-intencje-mszalne"],"_links":{"self":[{"href":"https:\/\/parafiabesko.pl\/index.php?rest_route=\/wp\/v2\/posts\/9620","targetHints":{"allow":["GET"]}}],"collection":[{"href":"https:\/\/parafiabesko.pl\/index.php?rest_route=\/wp\/v2\/posts"}],"about":[{"href":"https:\/\/parafiabesko.pl\/index.php?rest_route=\/wp\/v2\/types\/post"}],"author":[{"embeddable":true,"href":"https:\/\/parafiabesko.pl\/index.php?rest_route=\/wp\/v2\/users\/1"}],"replies":[{"embeddable":true,"href":"https:\/\/parafiabesko.pl\/index.php?rest_route=%2Fwp%2Fv2%2Fcomments&post=9620"}],"version-history":[{"count":0,"href":"https:\/\/parafiabesko.pl\/index.php?rest_route=\/wp\/v2\/posts\/9620\/revisions"}],"wp:attachment":[{"href":"https:\/\/parafiabesko.pl\/index.php?rest_route=%2Fwp%2Fv2%2Fmedia&parent=9620"}],"wp:term":[{"taxonomy":"category","embeddable":true,"href":"https:\/\/parafiabesko.pl\/index.php?rest_route=%2Fwp%2Fv2%2Fcategories&post=9620"},{"taxonomy":"post_tag","embeddable":true,"href":"https:\/\/parafiabesko.pl\/index.php?rest_route=%2Fwp%2Fv2%2Ftags&post=9620"}],"curies":[{"name":"wp","href":"https:\/\/api.w.org\/{rel}","templated":true}]}}